{"id":26281,"date":"2022-06-16T11:40:57","date_gmt":"2022-06-16T15:40:57","guid":{"rendered":"https:\/\/realta.ca\/the-mid-century-opening-to-the-world-2\/"},"modified":"2022-06-16T11:40:57","modified_gmt":"2022-06-16T15:40:57","slug":"the-mid-century-opening-to-the-world-2","status":"publish","type":"post","link":"https:\/\/realta.ca\/en\/the-mid-century-opening-to-the-world-2\/","title":{"rendered":"The Mid-Century: opening to the world"},"content":{"rendered":"\t\t<div data-elementor-type=\"wp-post\" data-elementor-id=\"26281\" class=\"elementor elementor-26281 elementor-25602\" data-elementor-post-type=\"post\">\n\t\t\t\t\t\t<section class=\"elementor-section elementor-top-section elementor-element elementor-element-445f9357 elementor-section-boxed elementor-section-height-default elementor-section-height-default\" data-id=\"445f9357\" data-element_type=\"section\" data-e-type=\"section\">\n\t\t\t\t\t\t<div class=\"elementor-container elementor-column-gap-default\">\n\t\t\t\t\t<div class=\"elementor-column elementor-col-100 elementor-top-column elementor-element elementor-element-e291396\" data-id=\"e291396\" data-element_type=\"column\" data-e-type=\"column\">\n\t\t\t<div class=\"elementor-widget-wrap elementor-element-populated\">\n\t\t\t\t\t\t<div class=\"elementor-element elementor-element-195df721 elementor-widget elementor-widget-text-editor\" data-id=\"195df721\" data-element_type=\"widget\" data-e-type=\"widget\" data-widget_type=\"text-editor.default\">\n\t\t\t\t<div class=\"elementor-widget-container\">\n\t\t\t\t\t\t\t\t\t<p>Since the beginning of 2022, some properties with a vintage touch have been listed at REALTA and we wanted to talk to you about them.<\/p>\n<h2>What is the Mid-Century style?<\/h2>\n<p>Popular in the mid-60s, the Mid-Century style is distinguished by its simple, straight lines, organic curves and the use of vibrant colors. You will find, for example, an abundance of windows, open areas and a particular attention to the luminaries. Post War Deco, inspired by the use of new materials, this style is also characterized by its textures and unique shapes.<\/p>\n<p>Today, we&#8217;re showing you the vintage interiors of the house behind this lovely front.<\/p>\n<p>This residence was built in 1957 and the inside could use a little touch up to bring out its unique charm.<\/p>\n<figure class=\"wp-block-gallery has-nested-images columns-default is-cropped\">\n<figure class=\"wp-block-image size-large\"><img fetchpriority=\"high\" decoding=\"async\" width=\"1024\" height=\"683\" class=\"wp-image-25655\" src=\"https:\/\/realta.ca\/wp-content\/uploads\/2022\/03\/5317_gorini-1-1024x683.jpg\" alt=\"\" srcset=\"https:\/\/realta.ca\/wp-content\/uploads\/2022\/03\/5317_gorini-1-1024x683.jpg 1024w, https:\/\/realta.ca\/wp-content\/uploads\/2022\/03\/5317_gorini-1-300x200.jpg 300w, https:\/\/realta.ca\/wp-content\/uploads\/2022\/03\/5317_gorini-1-768x512.jpg 768w, https:\/\/realta.ca\/wp-content\/uploads\/2022\/03\/5317_gorini-1-1536x1024.jpg 1536w, https:\/\/realta.ca\/wp-content\/uploads\/2022\/03\/5317_gorini-1-2048x1365.jpg 2048w\" sizes=\"(max-width: 1024px) 100vw, 1024px\" \/><\/figure>\n<\/figure>\n<p>The great entrance is impressive from the very first time you step inside.<\/p>\n<figure class=\"wp-block-image size-large\"><img decoding=\"async\" width=\"1024\" height=\"683\" class=\"wp-image-25657\" src=\"https:\/\/realta.ca\/wp-content\/uploads\/2022\/03\/5319_gorini-1-1024x683.jpg\" alt=\"\" srcset=\"https:\/\/realta.ca\/wp-content\/uploads\/2022\/03\/5319_gorini-1-1024x683.jpg 1024w, https:\/\/realta.ca\/wp-content\/uploads\/2022\/03\/5319_gorini-1-300x200.jpg 300w, https:\/\/realta.ca\/wp-content\/uploads\/2022\/03\/5319_gorini-1-768x512.jpg 768w, https:\/\/realta.ca\/wp-content\/uploads\/2022\/03\/5319_gorini-1-1536x1024.jpg 1536w, https:\/\/realta.ca\/wp-content\/uploads\/2022\/03\/5319_gorini-1-2048x1365.jpg 2048w\" sizes=\"(max-width: 1024px) 100vw, 1024px\" \/><\/figure>\n<p>Elegant and spacious, this living room welcomes you to relax with your family in front of the fireplace. The impressive fenestration of the room, which is bathed in natural light, is instantly apparent.<\/p>\n<figure class=\"wp-block-image size-large\"><img decoding=\"async\" width=\"1024\" height=\"683\" class=\"wp-image-25659\" src=\"https:\/\/realta.ca\/wp-content\/uploads\/2022\/03\/5322_gorini-1-1024x683.jpg\" alt=\"\" srcset=\"https:\/\/realta.ca\/wp-content\/uploads\/2022\/03\/5322_gorini-1-1024x683.jpg 1024w, https:\/\/realta.ca\/wp-content\/uploads\/2022\/03\/5322_gorini-1-300x200.jpg 300w, https:\/\/realta.ca\/wp-content\/uploads\/2022\/03\/5322_gorini-1-768x512.jpg 768w, https:\/\/realta.ca\/wp-content\/uploads\/2022\/03\/5322_gorini-1-1536x1024.jpg 1536w, https:\/\/realta.ca\/wp-content\/uploads\/2022\/03\/5322_gorini-1-2048x1365.jpg 2048w\" sizes=\"(max-width: 1024px) 100vw, 1024px\" \/><\/figure>\n<p>This perspective reveals the opening of the living room to the dining room. The dining room also benefits from the beautiful natural light that fills this large open area.<\/p>\n<figure class=\"wp-block-image size-large\"><img loading=\"lazy\" decoding=\"async\" width=\"1024\" height=\"683\" class=\"wp-image-25661\" src=\"https:\/\/realta.ca\/wp-content\/uploads\/2022\/03\/5328_gorini-1-1024x683.jpg\" alt=\"\" srcset=\"https:\/\/realta.ca\/wp-content\/uploads\/2022\/03\/5328_gorini-1-1024x683.jpg 1024w, https:\/\/realta.ca\/wp-content\/uploads\/2022\/03\/5328_gorini-1-300x200.jpg 300w, https:\/\/realta.ca\/wp-content\/uploads\/2022\/03\/5328_gorini-1-768x512.jpg 768w, https:\/\/realta.ca\/wp-content\/uploads\/2022\/03\/5328_gorini-1-1536x1024.jpg 1536w, https:\/\/realta.ca\/wp-content\/uploads\/2022\/03\/5328_gorini-1-2048x1365.jpg 2048w\" sizes=\"(max-width: 1024px) 100vw, 1024px\" \/><\/figure>\n<p>Traditional to this era, the kitchen opens up to the dinning room. All the cooking pleasure will be shared in this kitchen with plenty of space to serve your guests.<\/p>\n<figure class=\"wp-block-image size-large\"><img loading=\"lazy\" decoding=\"async\" width=\"1024\" height=\"683\" class=\"wp-image-25663\" src=\"https:\/\/realta.ca\/wp-content\/uploads\/2022\/03\/5333_gorini-1-1024x683.jpg\" alt=\"\" srcset=\"https:\/\/realta.ca\/wp-content\/uploads\/2022\/03\/5333_gorini-1-1024x683.jpg 1024w, https:\/\/realta.ca\/wp-content\/uploads\/2022\/03\/5333_gorini-1-300x200.jpg 300w, https:\/\/realta.ca\/wp-content\/uploads\/2022\/03\/5333_gorini-1-768x512.jpg 768w, https:\/\/realta.ca\/wp-content\/uploads\/2022\/03\/5333_gorini-1-1536x1024.jpg 1536w, https:\/\/realta.ca\/wp-content\/uploads\/2022\/03\/5333_gorini-1-2048x1365.jpg 2048w\" sizes=\"(max-width: 1024px) 100vw, 1024px\" \/><\/figure>\n<p>How can you not appreciate the huge windows of this generously sized room?<\/p>\n<figure class=\"wp-block-image size-large\"><img loading=\"lazy\" decoding=\"async\" width=\"1024\" height=\"618\" class=\"wp-image-25665\" src=\"https:\/\/realta.ca\/wp-content\/uploads\/2022\/03\/5334_gorini-1-1024x618.jpg\" alt=\"\" srcset=\"https:\/\/realta.ca\/wp-content\/uploads\/2022\/03\/5334_gorini-1-1024x618.jpg 1024w, https:\/\/realta.ca\/wp-content\/uploads\/2022\/03\/5334_gorini-1-300x181.jpg 300w, https:\/\/realta.ca\/wp-content\/uploads\/2022\/03\/5334_gorini-1-768x463.jpg 768w, https:\/\/realta.ca\/wp-content\/uploads\/2022\/03\/5334_gorini-1-1536x926.jpg 1536w, https:\/\/realta.ca\/wp-content\/uploads\/2022\/03\/5334_gorini-1-2048x1235.jpg 2048w\" sizes=\"(max-width: 1024px) 100vw, 1024px\" \/><\/figure>\n<p>This large family room in the basement will allow future occupants to add their own personal touch.<\/p>\n<h2><\/h2>\n<h2>Why choose the Mid-Century style bungalow?<\/h2>\n<p>Like many bungalows from the 1960s, the main floor rooms are light-filled with large windows. Everything can be redesigned to make use of the space and surface area to create a home that is entirely your own.<\/p>\n<h2>Information<\/h2>\n<p>A house from the 1960s and a little renovation to give it a modern look? REALTA invites you to come and visit this home.<\/p>\n<p>For more information on this property, click <a href=\"https:\/\/realta.ca\/en\/listings\/monteregie\/sorel-tracy\/for-sale\/26657290\/\">here<\/a>.<\/p>\n\t\t\t\t\t\t\t\t<\/div>\n\t\t\t\t<\/div>\n\t\t\t\t\t<\/div>\n\t\t<\/div>\n\t\t\t\t\t<\/div>\n\t\t<\/section>\n\t\t\t\t<\/div>\n\t\t","protected":false},"excerpt":{"rendered":"<p>Since the beginning of 2022, some properties with a vintage touch have been listed at REALTA and we wanted to talk to you about them. What is the Mid-Century style? Popular in the mid-60s, the Mid-Century style is distinguished by its simple, straight lines, organic curves and the use of vibrant colors. You will find, [&hellip;]<\/p>\n","protected":false},"author":9,"featured_media":25639,"comment_status":"open","ping_status":"open","sticky":false,"template":"","format":"standard","meta":{"_acf_changed":false,"footnotes":""},"categories":[52],"tags":[],"class_list":["post-26281","post","type-post","status-publish","format-standard","has-post-thumbnail","hentry","category-trends"],"acf":[],"yoast_head":"<!-- This site is optimized with the Yoast SEO plugin v27.1.1 - https:\/\/yoast.com\/product\/yoast-seo-wordpress\/ -->\n<title>The Mid-Century: opening to the world | Realta<\/title>\n<meta name=\"robots\" content=\"index, follow, max-snippet:-1, max-image-preview:large, max-video-preview:-1\" \/>\n<link rel=\"canonical\" href=\"https:\/\/realta.ca\/en\/the-mid-century-opening-to-the-world-2\/\" \/>\n<meta property=\"og:locale\" content=\"en_US\" \/>\n<meta property=\"og:type\" content=\"article\" \/>\n<meta property=\"og:title\" content=\"The Mid-Century: opening to the world | Realta\" \/>\n<meta property=\"og:description\" content=\"Since the beginning of 2022, some properties with a vintage touch have been listed at REALTA and we wanted to talk to you about them. What is the Mid-Century style? Popular in the mid-60s, the Mid-Century style is distinguished by its simple, straight lines, organic curves and the use of vibrant colors. You will find, [&hellip;]\" \/>\n<meta property=\"og:url\" content=\"https:\/\/realta.ca\/en\/the-mid-century-opening-to-the-world-2\/\" \/>\n<meta property=\"og:site_name\" content=\"Realta\" \/>\n<meta property=\"article:publisher\" content=\"https:\/\/www.facebook.com\/REALTA.agenceimmobiliere\/\" \/>\n<meta property=\"article:published_time\" content=\"2022-06-16T15:40:57+00:00\" \/>\n<meta property=\"og:image\" content=\"https:\/\/realta.ca\/wp-content\/uploads\/2022\/03\/realta_article_midCentury.jpg\" \/>\n\t<meta property=\"og:image:width\" content=\"1600\" \/>\n\t<meta property=\"og:image:height\" content=\"1067\" \/>\n\t<meta property=\"og:image:type\" content=\"image\/jpeg\" \/>\n<meta name=\"author\" content=\"Iris ihatchadourian@realta.ca\" \/>\n<meta name=\"twitter:card\" content=\"summary_large_image\" \/>\n<meta name=\"twitter:label1\" content=\"Written by\" \/>\n\t<meta name=\"twitter:data1\" content=\"Iris ihatchadourian@realta.ca\" \/>\n\t<meta name=\"twitter:label2\" content=\"Est. reading time\" \/>\n\t<meta name=\"twitter:data2\" content=\"2 minutes\" \/>\n<!-- \/ Yoast SEO plugin. -->","yoast_head_json":{"title":"The Mid-Century: opening to the world | Realta","robots":{"index":"index","follow":"follow","max-snippet":"max-snippet:-1","max-image-preview":"max-image-preview:large","max-video-preview":"max-video-preview:-1"},"canonical":"https:\/\/realta.ca\/en\/the-mid-century-opening-to-the-world-2\/","og_locale":"en_US","og_type":"article","og_title":"The Mid-Century: opening to the world | Realta","og_description":"Since the beginning of 2022, some properties with a vintage touch have been listed at REALTA and we wanted to talk to you about them. What is the Mid-Century style? Popular in the mid-60s, the Mid-Century style is distinguished by its simple, straight lines, organic curves and the use of vibrant colors. You will find, [&hellip;]","og_url":"https:\/\/realta.ca\/en\/the-mid-century-opening-to-the-world-2\/","og_site_name":"Realta","article_publisher":"https:\/\/www.facebook.com\/REALTA.agenceimmobiliere\/","article_published_time":"2022-06-16T15:40:57+00:00","og_image":[{"width":1600,"height":1067,"url":"https:\/\/realta.ca\/wp-content\/uploads\/2022\/03\/realta_article_midCentury.jpg","type":"image\/jpeg"}],"author":"Iris ihatchadourian@realta.ca","twitter_card":"summary_large_image","twitter_misc":{"Written by":"Iris ihatchadourian@realta.ca","Est. reading time":"2 minutes"},"schema":{"@context":"https:\/\/schema.org","@graph":[{"@type":"Article","@id":"https:\/\/realta.ca\/en\/the-mid-century-opening-to-the-world-2\/#article","isPartOf":{"@id":"https:\/\/realta.ca\/en\/the-mid-century-opening-to-the-world-2\/"},"author":{"name":"Iris ihatchadourian@realta.ca","@id":"https:\/\/realta.ca\/en\/#\/schema\/person\/b8420469674099a14c311279c2a31cb2"},"headline":"The Mid-Century: opening to the world","datePublished":"2022-06-16T15:40:57+00:00","mainEntityOfPage":{"@id":"https:\/\/realta.ca\/en\/the-mid-century-opening-to-the-world-2\/"},"wordCount":343,"commentCount":0,"publisher":{"@id":"https:\/\/realta.ca\/en\/#organization"},"image":{"@id":"https:\/\/realta.ca\/en\/the-mid-century-opening-to-the-world-2\/#primaryimage"},"thumbnailUrl":"https:\/\/realta.ca\/wp-content\/uploads\/2022\/03\/realta_article_midCentury.jpg","articleSection":["Trends"],"inLanguage":"en-US","potentialAction":[{"@type":"CommentAction","name":"Comment","target":["https:\/\/realta.ca\/en\/the-mid-century-opening-to-the-world-2\/#respond"]}]},{"@type":"WebPage","@id":"https:\/\/realta.ca\/en\/the-mid-century-opening-to-the-world-2\/","url":"https:\/\/realta.ca\/en\/the-mid-century-opening-to-the-world-2\/","name":"The Mid-Century: opening to the world | Realta","isPartOf":{"@id":"https:\/\/realta.ca\/en\/#website"},"primaryImageOfPage":{"@id":"https:\/\/realta.ca\/en\/the-mid-century-opening-to-the-world-2\/#primaryimage"},"image":{"@id":"https:\/\/realta.ca\/en\/the-mid-century-opening-to-the-world-2\/#primaryimage"},"thumbnailUrl":"https:\/\/realta.ca\/wp-content\/uploads\/2022\/03\/realta_article_midCentury.jpg","datePublished":"2022-06-16T15:40:57+00:00","breadcrumb":{"@id":"https:\/\/realta.ca\/en\/the-mid-century-opening-to-the-world-2\/#breadcrumb"},"inLanguage":"en-US","potentialAction":[{"@type":"ReadAction","target":["https:\/\/realta.ca\/en\/the-mid-century-opening-to-the-world-2\/"]}]},{"@type":"ImageObject","inLanguage":"en-US","@id":"https:\/\/realta.ca\/en\/the-mid-century-opening-to-the-world-2\/#primaryimage","url":"https:\/\/realta.ca\/wp-content\/uploads\/2022\/03\/realta_article_midCentury.jpg","contentUrl":"https:\/\/realta.ca\/wp-content\/uploads\/2022\/03\/realta_article_midCentury.jpg","width":1600,"height":1067,"caption":"maison style Mid-Century"},{"@type":"BreadcrumbList","@id":"https:\/\/realta.ca\/en\/the-mid-century-opening-to-the-world-2\/#breadcrumb","itemListElement":[{"@type":"ListItem","position":1,"name":"Accueil","item":"https:\/\/realta.ca\/en\/"},{"@type":"ListItem","position":2,"name":"The Mid-Century: opening to the world"}]},{"@type":"WebSite","@id":"https:\/\/realta.ca\/en\/#website","url":"https:\/\/realta.ca\/en\/","name":"REALTA, Agence immobili\u00e8re","description":"Real Estate Agency","publisher":{"@id":"https:\/\/realta.ca\/en\/#organization"},"alternateName":"REALTA, Agence immobili\u00e8re Montr\u00e9al - Qu\u00e9bec","potentialAction":[{"@type":"SearchAction","target":{"@type":"EntryPoint","urlTemplate":"https:\/\/realta.ca\/en\/?s={search_term_string}"},"query-input":{"@type":"PropertyValueSpecification","valueRequired":true,"valueName":"search_term_string"}}],"inLanguage":"en-US"},{"@type":"Organization","@id":"https:\/\/realta.ca\/en\/#organization","name":"REALTA, Agence immobili\u00e8re","alternateName":"REALTA, Agence immobili\u00e8re Montr\u00e9al - Qu\u00e9bec","url":"https:\/\/realta.ca\/en\/","logo":{"@type":"ImageObject","inLanguage":"en-US","@id":"https:\/\/realta.ca\/en\/#\/schema\/logo\/image\/","url":"https:\/\/realta.ca\/wp-content\/uploads\/2021\/12\/realta_favicon.svg","contentUrl":"https:\/\/realta.ca\/wp-content\/uploads\/2021\/12\/realta_favicon.svg","width":250,"height":250,"caption":"REALTA, Agence immobili\u00e8re"},"image":{"@id":"https:\/\/realta.ca\/en\/#\/schema\/logo\/image\/"},"sameAs":["https:\/\/www.facebook.com\/REALTA.agenceimmobiliere\/","https:\/\/www.instagram.com\/realta.agenceimmobiliere\/","https:\/\/www.linkedin.com\/company\/realta_2\/?originalSubdomain=fr","https:\/\/www.youtube.com\/channel\/UCtiSRpwmotgzT18eVPOgYBg\/about"]},{"@type":"Person","@id":"https:\/\/realta.ca\/en\/#\/schema\/person\/b8420469674099a14c311279c2a31cb2","name":"Iris ihatchadourian@realta.ca","image":{"@type":"ImageObject","inLanguage":"en-US","@id":"https:\/\/realta.ca\/en\/#\/schema\/person\/image\/","url":"https:\/\/secure.gravatar.com\/avatar\/a6b85abdc26622113c79ad02b52c7adf693894d686db96560d9535d5c0da913a?s=96&d=mm&r=g","contentUrl":"https:\/\/secure.gravatar.com\/avatar\/a6b85abdc26622113c79ad02b52c7adf693894d686db96560d9535d5c0da913a?s=96&d=mm&r=g","caption":"Iris ihatchadourian@realta.ca"},"url":"https:\/\/realta.ca\/en\/author\/ihatchadourianrealta-ca\/"}]}},"_links":{"self":[{"href":"https:\/\/realta.ca\/en\/wp-json\/wp\/v2\/posts\/26281","targetHints":{"allow":["GET"]}}],"collection":[{"href":"https:\/\/realta.ca\/en\/wp-json\/wp\/v2\/posts"}],"about":[{"href":"https:\/\/realta.ca\/en\/wp-json\/wp\/v2\/types\/post"}],"author":[{"embeddable":true,"href":"https:\/\/realta.ca\/en\/wp-json\/wp\/v2\/users\/9"}],"replies":[{"embeddable":true,"href":"https:\/\/realta.ca\/en\/wp-json\/wp\/v2\/comments?post=26281"}],"version-history":[{"count":1,"href":"https:\/\/realta.ca\/en\/wp-json\/wp\/v2\/posts\/26281\/revisions"}],"predecessor-version":[{"id":26282,"href":"https:\/\/realta.ca\/en\/wp-json\/wp\/v2\/posts\/26281\/revisions\/26282"}],"wp:featuredmedia":[{"embeddable":true,"href":"https:\/\/realta.ca\/en\/wp-json\/wp\/v2\/media\/25639"}],"wp:attachment":[{"href":"https:\/\/realta.ca\/en\/wp-json\/wp\/v2\/media?parent=26281"}],"wp:term":[{"taxonomy":"category","embeddable":true,"href":"https:\/\/realta.ca\/en\/wp-json\/wp\/v2\/categories?post=26281"},{"taxonomy":"post_tag","embeddable":true,"href":"https:\/\/realta.ca\/en\/wp-json\/wp\/v2\/tags?post=26281"}],"curies":[{"name":"wp","href":"https:\/\/api.w.org\/{rel}","templated":true}]}}