{"id":29311,"date":"2023-07-06T09:55:47","date_gmt":"2023-07-06T13:55:47","guid":{"rendered":"https:\/\/realta.ca\/why-i-decided-to-join-realta-part-2\/"},"modified":"2023-08-15T15:47:25","modified_gmt":"2023-08-15T19:47:25","slug":"why-i-decided-to-join-realta-part-2","status":"publish","type":"post","link":"https:\/\/realta.ca\/en\/why-i-decided-to-join-realta-part-2\/","title":{"rendered":"Why I decided to join REALTA &#8211; part 2"},"content":{"rendered":"\t\t<div data-elementor-type=\"wp-post\" data-elementor-id=\"29311\" class=\"elementor elementor-29311 elementor-29287\" data-elementor-post-type=\"post\">\n\t\t\t\t\t\t<section class=\"elementor-section elementor-top-section elementor-element elementor-element-1b24365 elementor-section-boxed elementor-section-height-default elementor-section-height-default\" data-id=\"1b24365\" data-element_type=\"section\" data-e-type=\"section\">\n\t\t\t\t\t\t<div class=\"elementor-container elementor-column-gap-default\">\n\t\t\t\t\t<div class=\"elementor-column elementor-col-100 elementor-top-column elementor-element elementor-element-55908648\" data-id=\"55908648\" data-element_type=\"column\" data-e-type=\"column\">\n\t\t\t<div class=\"elementor-widget-wrap elementor-element-populated\">\n\t\t\t\t\t\t<div class=\"elementor-element elementor-element-28f00d6a elementor-widget elementor-widget-text-editor\" data-id=\"28f00d6a\" data-element_type=\"widget\" data-e-type=\"widget\" data-widget_type=\"text-editor.default\">\n\t\t\t\t<div class=\"elementor-widget-container\">\n\t\t\t\t\t\t\t\t\t<p>Joining a new agency is often an adjustment process, because change is stressful. It&#8217;s only natural.<\/p>\n<p>At REALTA, we understand this. That&#8217;s why we&#8217;ve highlighted the success stories of those who have made the leap and joined our agency.<\/p>\n<p>I chose REALTA for the spirit of collaboration, the rigor, the quality of image and brand management. I also like the agency&#8217;s creativity and the small dose of casualness or self-mockery when it comes to taking a look at our profession or addressing customers through advertising. A few weeks ago, a broker contacted me for information on REALTA, knowing that I&#8217;d worked there for a while. At the end of our conversation, I don&#8217;t know if I convinced her to join REALTA, but I convinced myself!<\/p>\n<p style=\"text-align: right;\">Team Gingras<br \/>\nJean-Fran\u00e7ois Gingras<\/p>\n<p>They took the plunge.<br \/>\nThe reason is simple:<br \/>\nputting values at the heart of their practice pays off.<\/p>\n<p>&nbsp;<\/p>\n<p>I&#8217;ve been in the real estate business for more than 11 years now, and for me, 2023 was a year with a goal to overhaul my brand image. After researching a dozen agencies, I found the one that exactly matched the image I wanted to develop: REALTA. As soon as I saw the logo, the website, the offices and the team, I knew that the perception I had was the one I wanted my customers to have of me. I felt very comfortable and identified when I met Fran\u00e7ois and Anne Marie. I appreciated the analytical side of Fran\u00e7ois, with whom I feel represented, and also the image and marketing side of Anne Marie, who represents an area I need to develop. What&#8217;s more, the agency&#8217;s decor, brand color and name perfectly match the image I want to project. I would recommend REALTA to anyone looking to renew their real estate brand image.<\/p>\n<p style=\"text-align: right;\">Piero Tullio<br \/>\nResidential real estate broker<\/p>\n<p>I left \u00c9quipe Fran\u00e7ois Bissonnette REALTA 3 years ago not because I wanted to leave the agency, but because I felt the need to stand on my own two feet. After 10 years, I was ready to be on my own and become independent. Having the freedom to run my own business as I saw fit had become a necessity, but I could never have done so without the experience and learning I gained with the Fran\u00e7ois Bissonnette team at REALTA. Today, I&#8217;m delighted that REALTA can offer me the best of both worlds &#8211; the solidity I experienced as agency director and an incredible brand image. I&#8217;m delighted to be able to work independently, knowing that I have the support of seasoned professionals.<\/p>\n<p style=\"text-align: right;\">S\u00e9bastien Vall\u00e9e<br \/>\nResidential and commercial real estate broker<\/p>\n<p style=\"text-align: left;\">Real estate career<br \/>\nContact us at carrierecourtier@realta.ca<\/p>\n\t\t\t\t\t\t\t\t<\/div>\n\t\t\t\t<\/div>\n\t\t\t\t\t<\/div>\n\t\t<\/div>\n\t\t\t\t\t<\/div>\n\t\t<\/section>\n\t\t\t\t<\/div>\n\t\t","protected":false},"excerpt":{"rendered":"<p>Joining a new agency is often an adjustment process, because change is stressful. It&#8217;s only natural. At REALTA, we understand this. That&#8217;s why we&#8217;ve highlighted the success stories of those who have made the leap and joined our agency. I chose REALTA for the spirit of collaboration, the rigor, the quality of image and brand [&hellip;]<\/p>\n","protected":false},"author":9,"featured_media":29296,"comment_status":"open","ping_status":"open","sticky":false,"template":"","format":"standard","meta":{"_acf_changed":false,"footnotes":""},"categories":[2],"tags":[],"class_list":["post-29311","post","type-post","status-publish","format-standard","has-post-thumbnail","hentry","category-other"],"acf":[],"yoast_head":"<!-- This site is optimized with the Yoast SEO plugin v27.1.1 - https:\/\/yoast.com\/product\/yoast-seo-wordpress\/ -->\n<title>Real Estate Career | Success Stories with REALTA<\/title>\n<meta name=\"description\" content=\"Discover inspiring testimonials from real estate professionals who chose REALTA for collaboration, image quality, and innovative spirit.\" \/>\n<meta name=\"robots\" content=\"index, follow, max-snippet:-1, max-image-preview:large, max-video-preview:-1\" \/>\n<link rel=\"canonical\" href=\"https:\/\/realta.ca\/en\/why-i-decided-to-join-realta-part-2\/\" \/>\n<meta property=\"og:locale\" content=\"en_US\" \/>\n<meta property=\"og:type\" content=\"article\" \/>\n<meta property=\"og:title\" content=\"Real Estate Career | Success Stories with REALTA\" \/>\n<meta property=\"og:description\" content=\"Discover inspiring testimonials from real estate professionals who chose REALTA for collaboration, image quality, and innovative spirit.\" \/>\n<meta property=\"og:url\" content=\"https:\/\/realta.ca\/en\/why-i-decided-to-join-realta-part-2\/\" \/>\n<meta property=\"og:site_name\" content=\"Realta\" \/>\n<meta property=\"article:publisher\" content=\"https:\/\/www.facebook.com\/REALTA.agenceimmobiliere\/\" \/>\n<meta property=\"article:published_time\" content=\"2023-07-06T13:55:47+00:00\" \/>\n<meta property=\"article:modified_time\" content=\"2023-08-15T19:47:25+00:00\" \/>\n<meta property=\"og:image\" content=\"https:\/\/realta.ca\/wp-content\/uploads\/2023\/07\/3-filles_1123lo-rez-scaled.jpg\" \/>\n\t<meta property=\"og:image:width\" content=\"2560\" \/>\n\t<meta property=\"og:image:height\" content=\"1707\" \/>\n\t<meta property=\"og:image:type\" content=\"image\/jpeg\" \/>\n<meta name=\"author\" content=\"Iris ihatchadourian@realta.ca\" \/>\n<meta name=\"twitter:card\" content=\"summary_large_image\" \/>\n<meta name=\"twitter:label1\" content=\"Written by\" \/>\n\t<meta name=\"twitter:data1\" content=\"Iris ihatchadourian@realta.ca\" \/>\n\t<meta name=\"twitter:label2\" content=\"Est. reading time\" \/>\n\t<meta name=\"twitter:data2\" content=\"3 minutes\" \/>\n<!-- \/ Yoast SEO plugin. -->","yoast_head_json":{"title":"Real Estate Career | Success Stories with REALTA","description":"Discover inspiring testimonials from real estate professionals who chose REALTA for collaboration, image quality, and innovative spirit.","robots":{"index":"index","follow":"follow","max-snippet":"max-snippet:-1","max-image-preview":"max-image-preview:large","max-video-preview":"max-video-preview:-1"},"canonical":"https:\/\/realta.ca\/en\/why-i-decided-to-join-realta-part-2\/","og_locale":"en_US","og_type":"article","og_title":"Real Estate Career | Success Stories with REALTA","og_description":"Discover inspiring testimonials from real estate professionals who chose REALTA for collaboration, image quality, and innovative spirit.","og_url":"https:\/\/realta.ca\/en\/why-i-decided-to-join-realta-part-2\/","og_site_name":"Realta","article_publisher":"https:\/\/www.facebook.com\/REALTA.agenceimmobiliere\/","article_published_time":"2023-07-06T13:55:47+00:00","article_modified_time":"2023-08-15T19:47:25+00:00","og_image":[{"width":2560,"height":1707,"url":"https:\/\/realta.ca\/wp-content\/uploads\/2023\/07\/3-filles_1123lo-rez-scaled.jpg","type":"image\/jpeg"}],"author":"Iris ihatchadourian@realta.ca","twitter_card":"summary_large_image","twitter_misc":{"Written by":"Iris ihatchadourian@realta.ca","Est. reading time":"3 minutes"},"schema":{"@context":"https:\/\/schema.org","@graph":[{"@type":"Article","@id":"https:\/\/realta.ca\/en\/why-i-decided-to-join-realta-part-2\/#article","isPartOf":{"@id":"https:\/\/realta.ca\/en\/why-i-decided-to-join-realta-part-2\/"},"author":{"name":"Iris ihatchadourian@realta.ca","@id":"https:\/\/realta.ca\/en\/#\/schema\/person\/b8420469674099a14c311279c2a31cb2"},"headline":"Why I decided to join REALTA &#8211; part 2","datePublished":"2023-07-06T13:55:47+00:00","dateModified":"2023-08-15T19:47:25+00:00","mainEntityOfPage":{"@id":"https:\/\/realta.ca\/en\/why-i-decided-to-join-realta-part-2\/"},"wordCount":470,"commentCount":0,"publisher":{"@id":"https:\/\/realta.ca\/en\/#organization"},"image":{"@id":"https:\/\/realta.ca\/en\/why-i-decided-to-join-realta-part-2\/#primaryimage"},"thumbnailUrl":"https:\/\/realta.ca\/wp-content\/uploads\/2023\/07\/3-filles_1123lo-rez-scaled.jpg","articleSection":["Other"],"inLanguage":"en-US","potentialAction":[{"@type":"CommentAction","name":"Comment","target":["https:\/\/realta.ca\/en\/why-i-decided-to-join-realta-part-2\/#respond"]}]},{"@type":"WebPage","@id":"https:\/\/realta.ca\/en\/why-i-decided-to-join-realta-part-2\/","url":"https:\/\/realta.ca\/en\/why-i-decided-to-join-realta-part-2\/","name":"Real Estate Career | Success Stories with REALTA","isPartOf":{"@id":"https:\/\/realta.ca\/en\/#website"},"primaryImageOfPage":{"@id":"https:\/\/realta.ca\/en\/why-i-decided-to-join-realta-part-2\/#primaryimage"},"image":{"@id":"https:\/\/realta.ca\/en\/why-i-decided-to-join-realta-part-2\/#primaryimage"},"thumbnailUrl":"https:\/\/realta.ca\/wp-content\/uploads\/2023\/07\/3-filles_1123lo-rez-scaled.jpg","datePublished":"2023-07-06T13:55:47+00:00","dateModified":"2023-08-15T19:47:25+00:00","description":"Discover inspiring testimonials from real estate professionals who chose REALTA for collaboration, image quality, and innovative spirit.","breadcrumb":{"@id":"https:\/\/realta.ca\/en\/why-i-decided-to-join-realta-part-2\/#breadcrumb"},"inLanguage":"en-US","potentialAction":[{"@type":"ReadAction","target":["https:\/\/realta.ca\/en\/why-i-decided-to-join-realta-part-2\/"]}]},{"@type":"ImageObject","inLanguage":"en-US","@id":"https:\/\/realta.ca\/en\/why-i-decided-to-join-realta-part-2\/#primaryimage","url":"https:\/\/realta.ca\/wp-content\/uploads\/2023\/07\/3-filles_1123lo-rez-scaled.jpg","contentUrl":"https:\/\/realta.ca\/wp-content\/uploads\/2023\/07\/3-filles_1123lo-rez-scaled.jpg","width":2560,"height":1707,"caption":"courti\u00e8eres immob ili\u00e8eres realta"},{"@type":"BreadcrumbList","@id":"https:\/\/realta.ca\/en\/why-i-decided-to-join-realta-part-2\/#breadcrumb","itemListElement":[{"@type":"ListItem","position":1,"name":"Accueil","item":"https:\/\/realta.ca\/en\/"},{"@type":"ListItem","position":2,"name":"Why I decided to join REALTA &#8211; part 2"}]},{"@type":"WebSite","@id":"https:\/\/realta.ca\/en\/#website","url":"https:\/\/realta.ca\/en\/","name":"REALTA, Agence immobili\u00e8re","description":"Real Estate Agency","publisher":{"@id":"https:\/\/realta.ca\/en\/#organization"},"alternateName":"REALTA, Agence immobili\u00e8re Montr\u00e9al - Qu\u00e9bec","potentialAction":[{"@type":"SearchAction","target":{"@type":"EntryPoint","urlTemplate":"https:\/\/realta.ca\/en\/?s={search_term_string}"},"query-input":{"@type":"PropertyValueSpecification","valueRequired":true,"valueName":"search_term_string"}}],"inLanguage":"en-US"},{"@type":"Organization","@id":"https:\/\/realta.ca\/en\/#organization","name":"REALTA, Agence immobili\u00e8re","alternateName":"REALTA, Agence immobili\u00e8re Montr\u00e9al - Qu\u00e9bec","url":"https:\/\/realta.ca\/en\/","logo":{"@type":"ImageObject","inLanguage":"en-US","@id":"https:\/\/realta.ca\/en\/#\/schema\/logo\/image\/","url":"https:\/\/realta.ca\/wp-content\/uploads\/2021\/12\/realta_favicon.svg","contentUrl":"https:\/\/realta.ca\/wp-content\/uploads\/2021\/12\/realta_favicon.svg","width":250,"height":250,"caption":"REALTA, Agence immobili\u00e8re"},"image":{"@id":"https:\/\/realta.ca\/en\/#\/schema\/logo\/image\/"},"sameAs":["https:\/\/www.facebook.com\/REALTA.agenceimmobiliere\/","https:\/\/www.instagram.com\/realta.agenceimmobiliere\/","https:\/\/www.linkedin.com\/company\/realta_2\/?originalSubdomain=fr","https:\/\/www.youtube.com\/channel\/UCtiSRpwmotgzT18eVPOgYBg\/about"]},{"@type":"Person","@id":"https:\/\/realta.ca\/en\/#\/schema\/person\/b8420469674099a14c311279c2a31cb2","name":"Iris ihatchadourian@realta.ca","image":{"@type":"ImageObject","inLanguage":"en-US","@id":"https:\/\/realta.ca\/en\/#\/schema\/person\/image\/","url":"https:\/\/secure.gravatar.com\/avatar\/a6b85abdc26622113c79ad02b52c7adf693894d686db96560d9535d5c0da913a?s=96&d=mm&r=g","contentUrl":"https:\/\/secure.gravatar.com\/avatar\/a6b85abdc26622113c79ad02b52c7adf693894d686db96560d9535d5c0da913a?s=96&d=mm&r=g","caption":"Iris ihatchadourian@realta.ca"},"url":"https:\/\/realta.ca\/en\/author\/ihatchadourianrealta-ca\/"}]}},"_links":{"self":[{"href":"https:\/\/realta.ca\/en\/wp-json\/wp\/v2\/posts\/29311","targetHints":{"allow":["GET"]}}],"collection":[{"href":"https:\/\/realta.ca\/en\/wp-json\/wp\/v2\/posts"}],"about":[{"href":"https:\/\/realta.ca\/en\/wp-json\/wp\/v2\/types\/post"}],"author":[{"embeddable":true,"href":"https:\/\/realta.ca\/en\/wp-json\/wp\/v2\/users\/9"}],"replies":[{"embeddable":true,"href":"https:\/\/realta.ca\/en\/wp-json\/wp\/v2\/comments?post=29311"}],"version-history":[{"count":2,"href":"https:\/\/realta.ca\/en\/wp-json\/wp\/v2\/posts\/29311\/revisions"}],"predecessor-version":[{"id":29856,"href":"https:\/\/realta.ca\/en\/wp-json\/wp\/v2\/posts\/29311\/revisions\/29856"}],"wp:featuredmedia":[{"embeddable":true,"href":"https:\/\/realta.ca\/en\/wp-json\/wp\/v2\/media\/29296"}],"wp:attachment":[{"href":"https:\/\/realta.ca\/en\/wp-json\/wp\/v2\/media?parent=29311"}],"wp:term":[{"taxonomy":"category","embeddable":true,"href":"https:\/\/realta.ca\/en\/wp-json\/wp\/v2\/categories?post=29311"},{"taxonomy":"post_tag","embeddable":true,"href":"https:\/\/realta.ca\/en\/wp-json\/wp\/v2\/tags?post=29311"}],"curies":[{"name":"wp","href":"https:\/\/api.w.org\/{rel}","templated":true}]}}