{"id":32362,"date":"2024-08-21T15:15:27","date_gmt":"2024-08-21T19:15:27","guid":{"rendered":"https:\/\/realta.ca\/?p=32362"},"modified":"2024-08-22T09:33:31","modified_gmt":"2024-08-22T13:33:31","slug":"the-quebec-real-estate-market-is-doing-well-in-july","status":"publish","type":"post","link":"https:\/\/realta.ca\/en\/the-quebec-real-estate-market-is-doing-well-in-july\/","title":{"rendered":"The Quebec real estate market is doing well in July"},"content":{"rendered":"\t\t<div data-elementor-type=\"wp-post\" data-elementor-id=\"32362\" class=\"elementor elementor-32362\" data-elementor-post-type=\"post\">\n\t\t\t\t\t\t<section class=\"elementor-section elementor-top-section elementor-element elementor-element-7d67536 elementor-section-boxed elementor-section-height-default elementor-section-height-default\" data-id=\"7d67536\" data-element_type=\"section\" data-e-type=\"section\">\n\t\t\t\t\t\t<div class=\"elementor-container elementor-column-gap-default\">\n\t\t\t\t\t<div class=\"elementor-column elementor-col-100 elementor-top-column elementor-element elementor-element-fadce50\" data-id=\"fadce50\" data-element_type=\"column\" data-e-type=\"column\">\n\t\t\t<div class=\"elementor-widget-wrap elementor-element-populated\">\n\t\t\t\t\t\t<div class=\"elementor-element elementor-element-278b690 elementor-widget elementor-widget-text-editor\" data-id=\"278b690\" data-element_type=\"widget\" data-e-type=\"widget\" data-widget_type=\"text-editor.default\">\n\t\t\t\t<div class=\"elementor-widget-container\">\n\t\t\t\t\t\t\t\t\t<p class=\"MsoNormal\"><span lang=\"EN-CA\">The Quebec resale market had a strong month in July, both in terms of sales and prices. It also outperformed most other Canadian provinces (see table below), according to the latest CREA statistics released this morning.<\/span><\/p><p class=\"MsoNormal\"><span lang=\"EN-CA\">Last month in La Belle Province, the number of sales increased by 12%, and the average price of residential properties rose by 6% compared to July 2023. During the same period, in British Columbia, sales declined by 3%, and the average price slightly decreased (-1%). In Ontario, despite a 3% increase in sales, the average property price dropped by 2%.<\/span><\/p>\t\t\t\t\t\t\t\t<\/div>\n\t\t\t\t<\/div>\n\t\t\t\t<div class=\"elementor-element elementor-element-1a2ac0d elementor-widget elementor-widget-image\" data-id=\"1a2ac0d\" data-element_type=\"widget\" data-e-type=\"widget\" data-widget_type=\"image.default\">\n\t\t\t\t<div class=\"elementor-widget-container\">\n\t\t\t\t\t\t\t\t\t\t\t\t\t\t\t<img fetchpriority=\"high\" decoding=\"async\" width=\"1759\" height=\"700\" src=\"https:\/\/realta.ca\/wp-content\/uploads\/2024\/08\/Capture-decran-2024-08-21-145602.png\" class=\"attachment-full size-full wp-image-32381\" alt=\"\" srcset=\"https:\/\/realta.ca\/wp-content\/uploads\/2024\/08\/Capture-decran-2024-08-21-145602.png 1759w, https:\/\/realta.ca\/wp-content\/uploads\/2024\/08\/Capture-decran-2024-08-21-145602-300x119.png 300w, https:\/\/realta.ca\/wp-content\/uploads\/2024\/08\/Capture-decran-2024-08-21-145602-1024x408.png 1024w, https:\/\/realta.ca\/wp-content\/uploads\/2024\/08\/Capture-decran-2024-08-21-145602-768x306.png 768w, https:\/\/realta.ca\/wp-content\/uploads\/2024\/08\/Capture-decran-2024-08-21-145602-1536x611.png 1536w\" sizes=\"(max-width: 1759px) 100vw, 1759px\" \/>\t\t\t\t\t\t\t\t\t\t\t\t\t\t\t<\/div>\n\t\t\t\t<\/div>\n\t\t\t\t<div class=\"elementor-element elementor-element-c71bd5e elementor-widget elementor-widget-text-editor\" data-id=\"c71bd5e\" data-element_type=\"widget\" data-e-type=\"widget\" data-widget_type=\"text-editor.default\">\n\t\t\t\t<div class=\"elementor-widget-container\">\n\t\t\t\t\t\t\t\t\t<p><span lang=\"EN-CA\">In fact, this trend has been consistent since the beginning of the year. Quebec has not experienced any monthly decline in sales so far in 2024, and for the cumulative first seven months, the 13% increase in sales places Quebec at the top among Canadian provinces, tied with Alberta. In terms of prices, Quebec has just recorded its 13th consecutive monthly increase, with a cumulative rise of around 7% so far in 2024. Only Alberta (+9%), New Brunswick (+9%), and Newfoundland (+8%) have done better.<\/span><\/p><p><b style=\"font-size: var( --e-global-typography-text-font-size ); color: var( --e-global-color-text );\"><span lang=\"EN-CA\">Momentum that could continue<\/span><\/b><\/p><p><span lang=\"EN-CA\">These results are promising, especially as interest rates are finally starting to decline. After two 0.25 percentage point reductions at each of its last two meetings (June 5 and July 24), financial markets are anticipating (primarily due to recent disappointing labor market data) that the Bank of Canada will make another cut to its key interest rate at its next meeting on September 4. In the same vein, mortgage rates are also likely to decrease for both variable and fixed-rate mortgages.<\/span><\/p><p><span lang=\"EN-CA\">As a result, some buyers who had been waiting on the sidelines may gradually return to the market in the coming months, allowing the Quebec real estate market to continue performing well. However, August might be the exception that proves the rule if recent flooding has caused some transactions to fall through.<\/span><\/p>\t\t\t\t\t\t\t\t<\/div>\n\t\t\t\t<\/div>\n\t\t\t\t\t<\/div>\n\t\t<\/div>\n\t\t\t\t\t<\/div>\n\t\t<\/section>\n\t\t\t\t<\/div>\n\t\t","protected":false},"excerpt":{"rendered":"<p>The Quebec resale market had a strong month in July, both in terms of sales and prices. It also outperformed most other Canadian provinces (see table below), according to the latest CREA statistics released this morning. Last month in La Belle Province, the number of sales increased by 12%, and the average price of residential [&hellip;]<\/p>\n","protected":false},"author":10,"featured_media":32340,"comment_status":"open","ping_status":"open","sticky":false,"template":"","format":"standard","meta":{"_acf_changed":false,"footnotes":""},"categories":[51],"tags":[],"class_list":["post-32362","post","type-post","status-publish","format-standard","has-post-thumbnail","hentry","category-economy"],"acf":[],"yoast_head":"<!-- This site is optimized with the Yoast SEO plugin v27.1.1 - https:\/\/yoast.com\/product\/yoast-seo-wordpress\/ -->\n<title>The Quebec real estate market is doing well in July | Realta<\/title>\n<meta name=\"robots\" content=\"index, follow, max-snippet:-1, max-image-preview:large, max-video-preview:-1\" \/>\n<link rel=\"canonical\" href=\"https:\/\/realta.ca\/en\/the-quebec-real-estate-market-is-doing-well-in-july\/\" \/>\n<meta property=\"og:locale\" content=\"en_US\" \/>\n<meta property=\"og:type\" content=\"article\" \/>\n<meta property=\"og:title\" content=\"The Quebec real estate market is doing well in July | Realta\" \/>\n<meta property=\"og:description\" content=\"The Quebec resale market had a strong month in July, both in terms of sales and prices. It also outperformed most other Canadian provinces (see table below), according to the latest CREA statistics released this morning. Last month in La Belle Province, the number of sales increased by 12%, and the average price of residential [&hellip;]\" \/>\n<meta property=\"og:url\" content=\"https:\/\/realta.ca\/en\/the-quebec-real-estate-market-is-doing-well-in-july\/\" \/>\n<meta property=\"og:site_name\" content=\"Realta\" \/>\n<meta property=\"article:publisher\" content=\"https:\/\/www.facebook.com\/REALTA.agenceimmobiliere\/\" \/>\n<meta property=\"article:published_time\" content=\"2024-08-21T19:15:27+00:00\" \/>\n<meta property=\"article:modified_time\" content=\"2024-08-22T13:33:31+00:00\" \/>\n<meta property=\"og:image\" content=\"https:\/\/realta.ca\/wp-content\/uploads\/2024\/08\/1976_ecote-1-scaled-e1723823120924.jpg\" \/>\n\t<meta property=\"og:image:width\" content=\"2560\" \/>\n\t<meta property=\"og:image:height\" content=\"1707\" \/>\n\t<meta property=\"og:image:type\" content=\"image\/jpeg\" \/>\n<meta name=\"author\" content=\"Aylin C\u00e9line Keyik\" \/>\n<meta name=\"twitter:card\" content=\"summary_large_image\" \/>\n<meta name=\"twitter:label1\" content=\"Written by\" \/>\n\t<meta name=\"twitter:data1\" content=\"Aylin C\u00e9line Keyik\" \/>\n\t<meta name=\"twitter:label2\" content=\"Est. reading time\" \/>\n\t<meta name=\"twitter:data2\" content=\"2 minutes\" \/>\n<!-- \/ Yoast SEO plugin. -->","yoast_head_json":{"title":"The Quebec real estate market is doing well in July | Realta","robots":{"index":"index","follow":"follow","max-snippet":"max-snippet:-1","max-image-preview":"max-image-preview:large","max-video-preview":"max-video-preview:-1"},"canonical":"https:\/\/realta.ca\/en\/the-quebec-real-estate-market-is-doing-well-in-july\/","og_locale":"en_US","og_type":"article","og_title":"The Quebec real estate market is doing well in July | Realta","og_description":"The Quebec resale market had a strong month in July, both in terms of sales and prices. It also outperformed most other Canadian provinces (see table below), according to the latest CREA statistics released this morning. Last month in La Belle Province, the number of sales increased by 12%, and the average price of residential [&hellip;]","og_url":"https:\/\/realta.ca\/en\/the-quebec-real-estate-market-is-doing-well-in-july\/","og_site_name":"Realta","article_publisher":"https:\/\/www.facebook.com\/REALTA.agenceimmobiliere\/","article_published_time":"2024-08-21T19:15:27+00:00","article_modified_time":"2024-08-22T13:33:31+00:00","og_image":[{"width":2560,"height":1707,"url":"https:\/\/realta.ca\/wp-content\/uploads\/2024\/08\/1976_ecote-1-scaled-e1723823120924.jpg","type":"image\/jpeg"}],"author":"Aylin C\u00e9line Keyik","twitter_card":"summary_large_image","twitter_misc":{"Written by":"Aylin C\u00e9line Keyik","Est. reading time":"2 minutes"},"schema":{"@context":"https:\/\/schema.org","@graph":[{"@type":"Article","@id":"https:\/\/realta.ca\/en\/the-quebec-real-estate-market-is-doing-well-in-july\/#article","isPartOf":{"@id":"https:\/\/realta.ca\/en\/the-quebec-real-estate-market-is-doing-well-in-july\/"},"author":{"name":"Aylin C\u00e9line Keyik","@id":"https:\/\/realta.ca\/en\/#\/schema\/person\/b63124efd211f30cf5471ac7ae1ce9ba"},"headline":"The Quebec real estate market is doing well in July","datePublished":"2024-08-21T19:15:27+00:00","dateModified":"2024-08-22T13:33:31+00:00","mainEntityOfPage":{"@id":"https:\/\/realta.ca\/en\/the-quebec-real-estate-market-is-doing-well-in-july\/"},"wordCount":311,"commentCount":0,"publisher":{"@id":"https:\/\/realta.ca\/en\/#organization"},"image":{"@id":"https:\/\/realta.ca\/en\/the-quebec-real-estate-market-is-doing-well-in-july\/#primaryimage"},"thumbnailUrl":"https:\/\/realta.ca\/wp-content\/uploads\/2024\/08\/1976_ecote-1-scaled-e1723823120924.jpg","articleSection":["Economy"],"inLanguage":"en-US","potentialAction":[{"@type":"CommentAction","name":"Comment","target":["https:\/\/realta.ca\/en\/the-quebec-real-estate-market-is-doing-well-in-july\/#respond"]}]},{"@type":"WebPage","@id":"https:\/\/realta.ca\/en\/the-quebec-real-estate-market-is-doing-well-in-july\/","url":"https:\/\/realta.ca\/en\/the-quebec-real-estate-market-is-doing-well-in-july\/","name":"The Quebec real estate market is doing well in July | Realta","isPartOf":{"@id":"https:\/\/realta.ca\/en\/#website"},"primaryImageOfPage":{"@id":"https:\/\/realta.ca\/en\/the-quebec-real-estate-market-is-doing-well-in-july\/#primaryimage"},"image":{"@id":"https:\/\/realta.ca\/en\/the-quebec-real-estate-market-is-doing-well-in-july\/#primaryimage"},"thumbnailUrl":"https:\/\/realta.ca\/wp-content\/uploads\/2024\/08\/1976_ecote-1-scaled-e1723823120924.jpg","datePublished":"2024-08-21T19:15:27+00:00","dateModified":"2024-08-22T13:33:31+00:00","breadcrumb":{"@id":"https:\/\/realta.ca\/en\/the-quebec-real-estate-market-is-doing-well-in-july\/#breadcrumb"},"inLanguage":"en-US","potentialAction":[{"@type":"ReadAction","target":["https:\/\/realta.ca\/en\/the-quebec-real-estate-market-is-doing-well-in-july\/"]}]},{"@type":"ImageObject","inLanguage":"en-US","@id":"https:\/\/realta.ca\/en\/the-quebec-real-estate-market-is-doing-well-in-july\/#primaryimage","url":"https:\/\/realta.ca\/wp-content\/uploads\/2024\/08\/1976_ecote-1-scaled-e1723823120924.jpg","contentUrl":"https:\/\/realta.ca\/wp-content\/uploads\/2024\/08\/1976_ecote-1-scaled-e1723823120924.jpg","width":2560,"height":1707},{"@type":"BreadcrumbList","@id":"https:\/\/realta.ca\/en\/the-quebec-real-estate-market-is-doing-well-in-july\/#breadcrumb","itemListElement":[{"@type":"ListItem","position":1,"name":"Accueil","item":"https:\/\/realta.ca\/en\/"},{"@type":"ListItem","position":2,"name":"The Quebec real estate market is doing well in July"}]},{"@type":"WebSite","@id":"https:\/\/realta.ca\/en\/#website","url":"https:\/\/realta.ca\/en\/","name":"REALTA, Agence immobili\u00e8re","description":"Real Estate Agency","publisher":{"@id":"https:\/\/realta.ca\/en\/#organization"},"alternateName":"REALTA, Agence immobili\u00e8re Montr\u00e9al - Qu\u00e9bec","potentialAction":[{"@type":"SearchAction","target":{"@type":"EntryPoint","urlTemplate":"https:\/\/realta.ca\/en\/?s={search_term_string}"},"query-input":{"@type":"PropertyValueSpecification","valueRequired":true,"valueName":"search_term_string"}}],"inLanguage":"en-US"},{"@type":"Organization","@id":"https:\/\/realta.ca\/en\/#organization","name":"REALTA, Agence immobili\u00e8re","alternateName":"REALTA, Agence immobili\u00e8re Montr\u00e9al - Qu\u00e9bec","url":"https:\/\/realta.ca\/en\/","logo":{"@type":"ImageObject","inLanguage":"en-US","@id":"https:\/\/realta.ca\/en\/#\/schema\/logo\/image\/","url":"https:\/\/realta.ca\/wp-content\/uploads\/2021\/12\/realta_favicon.svg","contentUrl":"https:\/\/realta.ca\/wp-content\/uploads\/2021\/12\/realta_favicon.svg","width":250,"height":250,"caption":"REALTA, Agence immobili\u00e8re"},"image":{"@id":"https:\/\/realta.ca\/en\/#\/schema\/logo\/image\/"},"sameAs":["https:\/\/www.facebook.com\/REALTA.agenceimmobiliere\/","https:\/\/www.instagram.com\/realta.agenceimmobiliere\/","https:\/\/www.linkedin.com\/company\/realta_2\/?originalSubdomain=fr","https:\/\/www.youtube.com\/channel\/UCtiSRpwmotgzT18eVPOgYBg\/about"]},{"@type":"Person","@id":"https:\/\/realta.ca\/en\/#\/schema\/person\/b63124efd211f30cf5471ac7ae1ce9ba","name":"Aylin C\u00e9line Keyik","image":{"@type":"ImageObject","inLanguage":"en-US","@id":"https:\/\/realta.ca\/en\/#\/schema\/person\/image\/","url":"https:\/\/secure.gravatar.com\/avatar\/7e3e9c231069cef29e3e634fccd7919de86f354465d496c89a1c4342864a1ae8?s=96&d=mm&r=g","contentUrl":"https:\/\/secure.gravatar.com\/avatar\/7e3e9c231069cef29e3e634fccd7919de86f354465d496c89a1c4342864a1ae8?s=96&d=mm&r=g","caption":"Aylin C\u00e9line Keyik"},"url":"https:\/\/realta.ca\/en\/author\/ackeyik\/"}]}},"_links":{"self":[{"href":"https:\/\/realta.ca\/en\/wp-json\/wp\/v2\/posts\/32362","targetHints":{"allow":["GET"]}}],"collection":[{"href":"https:\/\/realta.ca\/en\/wp-json\/wp\/v2\/posts"}],"about":[{"href":"https:\/\/realta.ca\/en\/wp-json\/wp\/v2\/types\/post"}],"author":[{"embeddable":true,"href":"https:\/\/realta.ca\/en\/wp-json\/wp\/v2\/users\/10"}],"replies":[{"embeddable":true,"href":"https:\/\/realta.ca\/en\/wp-json\/wp\/v2\/comments?post=32362"}],"version-history":[{"count":25,"href":"https:\/\/realta.ca\/en\/wp-json\/wp\/v2\/posts\/32362\/revisions"}],"predecessor-version":[{"id":32391,"href":"https:\/\/realta.ca\/en\/wp-json\/wp\/v2\/posts\/32362\/revisions\/32391"}],"wp:featuredmedia":[{"embeddable":true,"href":"https:\/\/realta.ca\/en\/wp-json\/wp\/v2\/media\/32340"}],"wp:attachment":[{"href":"https:\/\/realta.ca\/en\/wp-json\/wp\/v2\/media?parent=32362"}],"wp:term":[{"taxonomy":"category","embeddable":true,"href":"https:\/\/realta.ca\/en\/wp-json\/wp\/v2\/categories?post=32362"},{"taxonomy":"post_tag","embeddable":true,"href":"https:\/\/realta.ca\/en\/wp-json\/wp\/v2\/tags?post=32362"}],"curies":[{"name":"wp","href":"https:\/\/api.w.org\/{rel}","templated":true}]}}