{"id":32643,"date":"2024-12-02T13:33:39","date_gmt":"2024-12-02T18:33:39","guid":{"rendered":"https:\/\/realta.ca\/?p=32643"},"modified":"2024-12-02T13:48:32","modified_gmt":"2024-12-02T18:48:32","slug":"decor-trends-2025-5-inspirations-for-a-home-that-reflects-you","status":"publish","type":"post","link":"https:\/\/realta.ca\/en\/decor-trends-2025-5-inspirations-for-a-home-that-reflects-you\/","title":{"rendered":"D\u00e9cor Trends 2025: 5 inspirations for a home that reflects you"},"content":{"rendered":"\t\t<div data-elementor-type=\"wp-post\" data-elementor-id=\"32643\" class=\"elementor elementor-32643\" data-elementor-post-type=\"post\">\n\t\t\t\t\t\t<section class=\"elementor-section elementor-top-section elementor-element elementor-element-7d67536 elementor-section-boxed elementor-section-height-default elementor-section-height-default\" data-id=\"7d67536\" data-element_type=\"section\" data-e-type=\"section\">\n\t\t\t\t\t\t<div class=\"elementor-container elementor-column-gap-default\">\n\t\t\t\t\t<div class=\"elementor-column elementor-col-100 elementor-top-column elementor-element elementor-element-fadce50\" data-id=\"fadce50\" data-element_type=\"column\" data-e-type=\"column\">\n\t\t\t<div class=\"elementor-widget-wrap elementor-element-populated\">\n\t\t\t\t\t\t<div class=\"elementor-element elementor-element-278b690 elementor-widget elementor-widget-text-editor\" data-id=\"278b690\" data-element_type=\"widget\" data-e-type=\"widget\" data-widget_type=\"text-editor.default\">\n\t\t\t\t<div class=\"elementor-widget-container\">\n\t\t\t\t\t\t\t\t\t<p>Your home is more than a place to live\u2014it\u2019s a reflection of your personality and style. For 2025, design trends are all about creating spaces that feel authentic, functional, and uniquely yours. Let these five ideas inspire you to refresh your interior and bring your vision to life.<\/p><h3><strong>Trending Colors<\/strong><\/h3><p>Colors set the tone for any home, and in 2025, trends blend beautifully with all styles. According to Pantone, a rich shade that combines deep violet and midnight blue is the &#8220;it&#8221; color of the year.<\/p><p>Looking for a calming atmosphere? Forest green, sage, and terracotta are your go-to shades, adding warmth and comfort to your home.<\/p><p>For a timeless look, warm beige or off-white will brighten your rooms with an elegant touch.<\/p><p>And if you\u2019re feeling bold, apricot and coral bring an energetic, refreshing vibe to any space.<\/p>\t\t\t\t\t\t\t\t<\/div>\n\t\t\t\t<\/div>\n\t\t\t\t<div class=\"elementor-element elementor-element-1a2ac0d elementor-widget elementor-widget-image\" data-id=\"1a2ac0d\" data-element_type=\"widget\" data-e-type=\"widget\" data-widget_type=\"image.default\">\n\t\t\t\t<div class=\"elementor-widget-container\">\n\t\t\t\t\t\t\t\t\t\t\t\t\t\t\t<img fetchpriority=\"high\" decoding=\"async\" width=\"768\" height=\"431\" src=\"https:\/\/realta.ca\/wp-content\/uploads\/2024\/11\/3-768x431.png\" class=\"attachment-medium_large size-medium_large wp-image-32608\" alt=\"\" srcset=\"https:\/\/realta.ca\/wp-content\/uploads\/2024\/11\/3-768x431.png 768w, https:\/\/realta.ca\/wp-content\/uploads\/2024\/11\/3-300x168.png 300w, https:\/\/realta.ca\/wp-content\/uploads\/2024\/11\/3.png 784w\" sizes=\"(max-width: 768px) 100vw, 768px\" \/>\t\t\t\t\t\t\t\t\t\t\t\t\t\t\t<\/div>\n\t\t\t\t<\/div>\n\t\t\t\t<div class=\"elementor-element elementor-element-c71bd5e elementor-widget elementor-widget-text-editor\" data-id=\"c71bd5e\" data-element_type=\"widget\" data-e-type=\"widget\" data-widget_type=\"text-editor.default\">\n\t\t\t\t<div class=\"elementor-widget-container\">\n\t\t\t\t\t\t\t\t\t<h3><strong>Natural and Sustainable Materials<\/strong><\/h3><p>In 2025, natural materials remain a favorite in home decor. Wood, stone, linen, rattan, and bamboo continue to play key roles, offering durability and eco-friendly style.<\/p><p>For example, a raw wood table can add character to a minimalist room, while rattan accents or linen textiles soften modern decor.<\/p><p>These natural elements personalize your space while reflecting a sustainable and stylish approach.<\/p>\t\t\t\t\t\t\t\t<\/div>\n\t\t\t\t<\/div>\n\t\t\t\t<div class=\"elementor-element elementor-element-187b8bb elementor-widget elementor-widget-image\" data-id=\"187b8bb\" data-element_type=\"widget\" data-e-type=\"widget\" data-widget_type=\"image.default\">\n\t\t\t\t<div class=\"elementor-widget-container\">\n\t\t\t\t\t\t\t\t\t\t\t\t\t\t\t<img decoding=\"async\" width=\"768\" height=\"431\" src=\"https:\/\/realta.ca\/wp-content\/uploads\/2024\/11\/1-768x431.png\" class=\"attachment-medium_large size-medium_large wp-image-32620\" alt=\"\" srcset=\"https:\/\/realta.ca\/wp-content\/uploads\/2024\/11\/1-768x431.png 768w, https:\/\/realta.ca\/wp-content\/uploads\/2024\/11\/1-300x168.png 300w, https:\/\/realta.ca\/wp-content\/uploads\/2024\/11\/1.png 784w\" sizes=\"(max-width: 768px) 100vw, 768px\" \/>\t\t\t\t\t\t\t\t\t\t\t\t\t\t\t<\/div>\n\t\t\t\t<\/div>\n\t\t\t\t<div class=\"elementor-element elementor-element-c4f6191 elementor-widget elementor-widget-text-editor\" data-id=\"c4f6191\" data-element_type=\"widget\" data-e-type=\"widget\" data-widget_type=\"text-editor.default\">\n\t\t\t\t<div class=\"elementor-widget-container\">\n\t\t\t\t\t\t\t\t\t<h3><strong>The Return of Handcrafted and Artisan Design<\/strong><\/h3><p>Handmade designs never go out of style. There\u2019s nothing quite like a unique, handcrafted piece to make your home stand out.<\/p><p>Think artisan ceramics with imperfect finishes, finely carved wooden sculptures, or textiles made with traditional techniques. These one-of-a-kind creations beautifully blend tradition and modernity.<\/p><p>Whether your decor leans minimalist or eclectic, artisanal touches offer endless ways to make your home truly yours.<\/p>\t\t\t\t\t\t\t\t<\/div>\n\t\t\t\t<\/div>\n\t\t\t\t<div class=\"elementor-element elementor-element-c96ce4b elementor-widget elementor-widget-image\" data-id=\"c96ce4b\" data-element_type=\"widget\" data-e-type=\"widget\" data-widget_type=\"image.default\">\n\t\t\t\t<div class=\"elementor-widget-container\">\n\t\t\t\t\t\t\t\t\t\t\t\t\t\t\t<img decoding=\"async\" width=\"784\" height=\"440\" src=\"https:\/\/realta.ca\/wp-content\/uploads\/2024\/11\/5.png\" class=\"attachment-large size-large wp-image-32614\" alt=\"\" srcset=\"https:\/\/realta.ca\/wp-content\/uploads\/2024\/11\/5.png 784w, https:\/\/realta.ca\/wp-content\/uploads\/2024\/11\/5-300x168.png 300w, https:\/\/realta.ca\/wp-content\/uploads\/2024\/11\/5-768x431.png 768w\" sizes=\"(max-width: 784px) 100vw, 784px\" \/>\t\t\t\t\t\t\t\t\t\t\t\t\t\t\t<\/div>\n\t\t\t\t<\/div>\n\t\t\t\t<div class=\"elementor-element elementor-element-6bd2ca2 elementor-widget elementor-widget-text-editor\" data-id=\"6bd2ca2\" data-element_type=\"widget\" data-e-type=\"widget\" data-widget_type=\"text-editor.default\">\n\t\t\t\t<div class=\"elementor-widget-container\">\n\t\t\t\t\t\t\t\t\t<h3><strong>Multifunctional and Flexible Spaces<\/strong><\/h3><p>As our lifestyles evolve, 2025 trends embrace multifunctional spaces that adapt to different needs.<\/p><p>Imagine a sofa that transforms into a guest bed, a coffee table that doubles as a desk, or adjustable shelving for everyday flexibility.<\/p><p>These smart solutions are perfect for optimizing space in apartments or houses alike.<\/p>\t\t\t\t\t\t\t\t<\/div>\n\t\t\t\t<\/div>\n\t\t\t\t<div class=\"elementor-element elementor-element-c71ba6e elementor-widget elementor-widget-image\" data-id=\"c71ba6e\" data-element_type=\"widget\" data-e-type=\"widget\" data-widget_type=\"image.default\">\n\t\t\t\t<div class=\"elementor-widget-container\">\n\t\t\t\t\t\t\t\t\t\t\t\t\t\t\t<img loading=\"lazy\" decoding=\"async\" width=\"784\" height=\"440\" src=\"https:\/\/realta.ca\/wp-content\/uploads\/2024\/11\/7.png\" class=\"attachment-large size-large wp-image-32618\" alt=\"\" srcset=\"https:\/\/realta.ca\/wp-content\/uploads\/2024\/11\/7.png 784w, https:\/\/realta.ca\/wp-content\/uploads\/2024\/11\/7-300x168.png 300w, https:\/\/realta.ca\/wp-content\/uploads\/2024\/11\/7-768x431.png 768w\" sizes=\"(max-width: 784px) 100vw, 784px\" \/>\t\t\t\t\t\t\t\t\t\t\t\t\t\t\t<\/div>\n\t\t\t\t<\/div>\n\t\t\t\t<div class=\"elementor-element elementor-element-c5d1a26 elementor-widget elementor-widget-text-editor\" data-id=\"c5d1a26\" data-element_type=\"widget\" data-e-type=\"widget\" data-widget_type=\"text-editor.default\">\n\t\t\t\t<div class=\"elementor-widget-container\">\n\t\t\t\t\t\t\t\t\t<h3><strong>Indoor Plants<\/strong><\/h3><p>Indoor plants are taking on new roles in 2025, becoming central to home design.<\/p><p>Dreaming of an urban jungle vibe? Large monstera plants, with their bold, perforated leaves, instantly create an exotic feel, ideal for a living room or reading nook.<\/p><p>Prefer something low-maintenance? Ferns or peperomias add a fresh, delicate touch to any space and are easy to care for.<\/p>\t\t\t\t\t\t\t\t<\/div>\n\t\t\t\t<\/div>\n\t\t\t\t<div class=\"elementor-element elementor-element-107834b elementor-widget elementor-widget-image\" data-id=\"107834b\" data-element_type=\"widget\" data-e-type=\"widget\" data-widget_type=\"image.default\">\n\t\t\t\t<div class=\"elementor-widget-container\">\n\t\t\t\t\t\t\t\t\t\t\t\t\t\t\t<img loading=\"lazy\" decoding=\"async\" width=\"784\" height=\"440\" src=\"https:\/\/realta.ca\/wp-content\/uploads\/2024\/11\/4.png\" class=\"attachment-large size-large wp-image-32612\" alt=\"\" srcset=\"https:\/\/realta.ca\/wp-content\/uploads\/2024\/11\/4.png 784w, https:\/\/realta.ca\/wp-content\/uploads\/2024\/11\/4-300x168.png 300w, https:\/\/realta.ca\/wp-content\/uploads\/2024\/11\/4-768x431.png 768w\" sizes=\"(max-width: 784px) 100vw, 784px\" \/>\t\t\t\t\t\t\t\t\t\t\t\t\t\t\t<\/div>\n\t\t\t\t<\/div>\n\t\t\t\t<div class=\"elementor-element elementor-element-67fbef3 elementor-widget elementor-widget-text-editor\" data-id=\"67fbef3\" data-element_type=\"widget\" data-e-type=\"widget\" data-widget_type=\"text-editor.default\">\n\t\t\t\t<div class=\"elementor-widget-container\">\n\t\t\t\t\t\t\t\t\t<h3><strong>Lighting as a Focal Point<\/strong><\/h3><p>In 2025, lighting is more than just functional\u2014it\u2019s a statement piece. It shapes your spaces, highlights architectural details, and creates unique moods.<\/p><p>Minimalist lighting, with clean lines, geometric shapes, and subtle materials, remains a top choice for modern interiors.<\/p><p>Looking for character? Vintage lighting, such as industrial pendants or 70s-inspired lamps, brings history and authenticity to your decor.<\/p><p>For ultimate flexibility, dimmable lights offer tailored ambiance to suit any moment.<\/p>\t\t\t\t\t\t\t\t<\/div>\n\t\t\t\t<\/div>\n\t\t\t\t<div class=\"elementor-element elementor-element-497aa70 elementor-widget elementor-widget-image\" data-id=\"497aa70\" data-element_type=\"widget\" data-e-type=\"widget\" data-widget_type=\"image.default\">\n\t\t\t\t<div class=\"elementor-widget-container\">\n\t\t\t\t\t\t\t\t\t\t\t\t\t\t\t<img decoding=\"async\" src=\"https:\/\/realta.ca\/wp-content\/uploads\/2024\/11\/6.png\" title=\"\" alt=\"\" loading=\"lazy\" \/>\t\t\t\t\t\t\t\t\t\t\t\t\t\t\t<\/div>\n\t\t\t\t<\/div>\n\t\t\t\t<div class=\"elementor-element elementor-element-b196460 elementor-widget elementor-widget-text-editor\" data-id=\"b196460\" data-element_type=\"widget\" data-e-type=\"widget\" data-widget_type=\"text-editor.default\">\n\t\t\t\t<div class=\"elementor-widget-container\">\n\t\t\t\t\t\t\t\t\t<p>For 2025, decor trends cater to every taste and lifestyle.<\/p><p>In this article, we\u2019ve shared a variety of inspirations to help you make your home a true reflection of your personality. Whether you\u2019re drawn to natural colors, sustainable materials, or handcrafted pieces, each trend provides an opportunity to reinvent your spaces and make them uniquely yours.<\/p>\t\t\t\t\t\t\t\t<\/div>\n\t\t\t\t<\/div>\n\t\t\t\t\t<\/div>\n\t\t<\/div>\n\t\t\t\t\t<\/div>\n\t\t<\/section>\n\t\t\t\t<\/div>\n\t\t","protected":false},"excerpt":{"rendered":"<p>Your home is more than a place to live\u2014it\u2019s a reflection of your personality and style. For 2025, design trends are all about creating spaces that feel authentic, functional, and uniquely yours. Let these five ideas inspire you to refresh your interior and bring your vision to life. Trending Colors Colors set the tone for [&hellip;]<\/p>\n","protected":false},"author":10,"featured_media":32635,"comment_status":"open","ping_status":"open","sticky":false,"template":"","format":"standard","meta":{"_acf_changed":false,"footnotes":""},"categories":[2],"tags":[],"class_list":["post-32643","post","type-post","status-publish","format-standard","has-post-thumbnail","hentry","category-other"],"acf":[],"yoast_head":"<!-- This site is optimized with the Yoast SEO plugin v27.1.1 - https:\/\/yoast.com\/product\/yoast-seo-wordpress\/ -->\n<title>D\u00e9cor Trends 2025: 5 inspirations for a home that reflects you | Realta<\/title>\n<meta name=\"description\" content=\"Your home is more than a place to live\u2014it\u2019s a reflection of your personality and style. For 2025, design trends are all about creating spaces that feel authentic, functional, and uniquely yours. Let these five ideas inspire you to refresh your interior and bring your vision to life.\" \/>\n<meta name=\"robots\" content=\"index, follow, max-snippet:-1, max-image-preview:large, max-video-preview:-1\" \/>\n<link rel=\"canonical\" href=\"https:\/\/realta.ca\/en\/decor-trends-2025-5-inspirations-for-a-home-that-reflects-you\/\" \/>\n<meta property=\"og:locale\" content=\"en_US\" \/>\n<meta property=\"og:type\" content=\"article\" \/>\n<meta property=\"og:title\" content=\"D\u00e9cor Trends 2025: 5 inspirations for a home that reflects you | Realta\" \/>\n<meta property=\"og:description\" content=\"Your home is more than a place to live\u2014it\u2019s a reflection of your personality and style. For 2025, design trends are all about creating spaces that feel authentic, functional, and uniquely yours. Let these five ideas inspire you to refresh your interior and bring your vision to life.\" \/>\n<meta property=\"og:url\" content=\"https:\/\/realta.ca\/en\/decor-trends-2025-5-inspirations-for-a-home-that-reflects-you\/\" \/>\n<meta property=\"og:site_name\" content=\"Realta\" \/>\n<meta property=\"article:publisher\" content=\"https:\/\/www.facebook.com\/REALTA.agenceimmobiliere\/\" \/>\n<meta property=\"article:published_time\" content=\"2024-12-02T18:33:39+00:00\" \/>\n<meta property=\"article:modified_time\" content=\"2024-12-02T18:48:32+00:00\" \/>\n<meta property=\"og:image\" content=\"https:\/\/realta.ca\/wp-content\/uploads\/2024\/11\/89545.png\" \/>\n\t<meta property=\"og:image:width\" content=\"1237\" \/>\n\t<meta property=\"og:image:height\" content=\"872\" \/>\n\t<meta property=\"og:image:type\" content=\"image\/png\" \/>\n<meta name=\"author\" content=\"Aylin C\u00e9line Keyik\" \/>\n<meta name=\"twitter:card\" content=\"summary_large_image\" \/>\n<meta name=\"twitter:label1\" content=\"Written by\" \/>\n\t<meta name=\"twitter:data1\" content=\"Aylin C\u00e9line Keyik\" \/>\n\t<meta name=\"twitter:label2\" content=\"Est. reading time\" \/>\n\t<meta name=\"twitter:data2\" content=\"4 minutes\" \/>\n<!-- \/ Yoast SEO plugin. -->","yoast_head_json":{"title":"D\u00e9cor Trends 2025: 5 inspirations for a home that reflects you | Realta","description":"Your home is more than a place to live\u2014it\u2019s a reflection of your personality and style. For 2025, design trends are all about creating spaces that feel authentic, functional, and uniquely yours. Let these five ideas inspire you to refresh your interior and bring your vision to life.","robots":{"index":"index","follow":"follow","max-snippet":"max-snippet:-1","max-image-preview":"max-image-preview:large","max-video-preview":"max-video-preview:-1"},"canonical":"https:\/\/realta.ca\/en\/decor-trends-2025-5-inspirations-for-a-home-that-reflects-you\/","og_locale":"en_US","og_type":"article","og_title":"D\u00e9cor Trends 2025: 5 inspirations for a home that reflects you | Realta","og_description":"Your home is more than a place to live\u2014it\u2019s a reflection of your personality and style. For 2025, design trends are all about creating spaces that feel authentic, functional, and uniquely yours. Let these five ideas inspire you to refresh your interior and bring your vision to life.","og_url":"https:\/\/realta.ca\/en\/decor-trends-2025-5-inspirations-for-a-home-that-reflects-you\/","og_site_name":"Realta","article_publisher":"https:\/\/www.facebook.com\/REALTA.agenceimmobiliere\/","article_published_time":"2024-12-02T18:33:39+00:00","article_modified_time":"2024-12-02T18:48:32+00:00","og_image":[{"width":1237,"height":872,"url":"https:\/\/realta.ca\/wp-content\/uploads\/2024\/11\/89545.png","type":"image\/png"}],"author":"Aylin C\u00e9line Keyik","twitter_card":"summary_large_image","twitter_misc":{"Written by":"Aylin C\u00e9line Keyik","Est. reading time":"4 minutes"},"schema":{"@context":"https:\/\/schema.org","@graph":[{"@type":"Article","@id":"https:\/\/realta.ca\/en\/decor-trends-2025-5-inspirations-for-a-home-that-reflects-you\/#article","isPartOf":{"@id":"https:\/\/realta.ca\/en\/decor-trends-2025-5-inspirations-for-a-home-that-reflects-you\/"},"author":{"name":"Aylin C\u00e9line Keyik","@id":"https:\/\/realta.ca\/en\/#\/schema\/person\/b63124efd211f30cf5471ac7ae1ce9ba"},"headline":"D\u00e9cor Trends 2025: 5 inspirations for a home that reflects you","datePublished":"2024-12-02T18:33:39+00:00","dateModified":"2024-12-02T18:48:32+00:00","mainEntityOfPage":{"@id":"https:\/\/realta.ca\/en\/decor-trends-2025-5-inspirations-for-a-home-that-reflects-you\/"},"wordCount":533,"commentCount":0,"publisher":{"@id":"https:\/\/realta.ca\/en\/#organization"},"image":{"@id":"https:\/\/realta.ca\/en\/decor-trends-2025-5-inspirations-for-a-home-that-reflects-you\/#primaryimage"},"thumbnailUrl":"https:\/\/realta.ca\/wp-content\/uploads\/2024\/11\/89545.png","articleSection":["Other"],"inLanguage":"en-US","potentialAction":[{"@type":"CommentAction","name":"Comment","target":["https:\/\/realta.ca\/en\/decor-trends-2025-5-inspirations-for-a-home-that-reflects-you\/#respond"]}]},{"@type":"WebPage","@id":"https:\/\/realta.ca\/en\/decor-trends-2025-5-inspirations-for-a-home-that-reflects-you\/","url":"https:\/\/realta.ca\/en\/decor-trends-2025-5-inspirations-for-a-home-that-reflects-you\/","name":"D\u00e9cor Trends 2025: 5 inspirations for a home that reflects you | Realta","isPartOf":{"@id":"https:\/\/realta.ca\/en\/#website"},"primaryImageOfPage":{"@id":"https:\/\/realta.ca\/en\/decor-trends-2025-5-inspirations-for-a-home-that-reflects-you\/#primaryimage"},"image":{"@id":"https:\/\/realta.ca\/en\/decor-trends-2025-5-inspirations-for-a-home-that-reflects-you\/#primaryimage"},"thumbnailUrl":"https:\/\/realta.ca\/wp-content\/uploads\/2024\/11\/89545.png","datePublished":"2024-12-02T18:33:39+00:00","dateModified":"2024-12-02T18:48:32+00:00","description":"Your home is more than a place to live\u2014it\u2019s a reflection of your personality and style. For 2025, design trends are all about creating spaces that feel authentic, functional, and uniquely yours. Let these five ideas inspire you to refresh your interior and bring your vision to life.","breadcrumb":{"@id":"https:\/\/realta.ca\/en\/decor-trends-2025-5-inspirations-for-a-home-that-reflects-you\/#breadcrumb"},"inLanguage":"en-US","potentialAction":[{"@type":"ReadAction","target":["https:\/\/realta.ca\/en\/decor-trends-2025-5-inspirations-for-a-home-that-reflects-you\/"]}]},{"@type":"ImageObject","inLanguage":"en-US","@id":"https:\/\/realta.ca\/en\/decor-trends-2025-5-inspirations-for-a-home-that-reflects-you\/#primaryimage","url":"https:\/\/realta.ca\/wp-content\/uploads\/2024\/11\/89545.png","contentUrl":"https:\/\/realta.ca\/wp-content\/uploads\/2024\/11\/89545.png","width":1237,"height":872},{"@type":"BreadcrumbList","@id":"https:\/\/realta.ca\/en\/decor-trends-2025-5-inspirations-for-a-home-that-reflects-you\/#breadcrumb","itemListElement":[{"@type":"ListItem","position":1,"name":"Accueil","item":"https:\/\/realta.ca\/en\/"},{"@type":"ListItem","position":2,"name":"D\u00e9cor Trends 2025: 5 inspirations for a home that reflects you"}]},{"@type":"WebSite","@id":"https:\/\/realta.ca\/en\/#website","url":"https:\/\/realta.ca\/en\/","name":"REALTA, Agence immobili\u00e8re","description":"Real Estate Agency","publisher":{"@id":"https:\/\/realta.ca\/en\/#organization"},"alternateName":"REALTA, Agence immobili\u00e8re Montr\u00e9al - Qu\u00e9bec","potentialAction":[{"@type":"SearchAction","target":{"@type":"EntryPoint","urlTemplate":"https:\/\/realta.ca\/en\/?s={search_term_string}"},"query-input":{"@type":"PropertyValueSpecification","valueRequired":true,"valueName":"search_term_string"}}],"inLanguage":"en-US"},{"@type":"Organization","@id":"https:\/\/realta.ca\/en\/#organization","name":"REALTA, Agence immobili\u00e8re","alternateName":"REALTA, Agence immobili\u00e8re Montr\u00e9al - Qu\u00e9bec","url":"https:\/\/realta.ca\/en\/","logo":{"@type":"ImageObject","inLanguage":"en-US","@id":"https:\/\/realta.ca\/en\/#\/schema\/logo\/image\/","url":"https:\/\/realta.ca\/wp-content\/uploads\/2021\/12\/realta_favicon.svg","contentUrl":"https:\/\/realta.ca\/wp-content\/uploads\/2021\/12\/realta_favicon.svg","width":250,"height":250,"caption":"REALTA, Agence immobili\u00e8re"},"image":{"@id":"https:\/\/realta.ca\/en\/#\/schema\/logo\/image\/"},"sameAs":["https:\/\/www.facebook.com\/REALTA.agenceimmobiliere\/","https:\/\/www.instagram.com\/realta.agenceimmobiliere\/","https:\/\/www.linkedin.com\/company\/realta_2\/?originalSubdomain=fr","https:\/\/www.youtube.com\/channel\/UCtiSRpwmotgzT18eVPOgYBg\/about"]},{"@type":"Person","@id":"https:\/\/realta.ca\/en\/#\/schema\/person\/b63124efd211f30cf5471ac7ae1ce9ba","name":"Aylin C\u00e9line Keyik","image":{"@type":"ImageObject","inLanguage":"en-US","@id":"https:\/\/realta.ca\/en\/#\/schema\/person\/image\/","url":"https:\/\/secure.gravatar.com\/avatar\/7e3e9c231069cef29e3e634fccd7919de86f354465d496c89a1c4342864a1ae8?s=96&d=mm&r=g","contentUrl":"https:\/\/secure.gravatar.com\/avatar\/7e3e9c231069cef29e3e634fccd7919de86f354465d496c89a1c4342864a1ae8?s=96&d=mm&r=g","caption":"Aylin C\u00e9line Keyik"},"url":"https:\/\/realta.ca\/en\/author\/ackeyik\/"}]}},"_links":{"self":[{"href":"https:\/\/realta.ca\/en\/wp-json\/wp\/v2\/posts\/32643","targetHints":{"allow":["GET"]}}],"collection":[{"href":"https:\/\/realta.ca\/en\/wp-json\/wp\/v2\/posts"}],"about":[{"href":"https:\/\/realta.ca\/en\/wp-json\/wp\/v2\/types\/post"}],"author":[{"embeddable":true,"href":"https:\/\/realta.ca\/en\/wp-json\/wp\/v2\/users\/10"}],"replies":[{"embeddable":true,"href":"https:\/\/realta.ca\/en\/wp-json\/wp\/v2\/comments?post=32643"}],"version-history":[{"count":6,"href":"https:\/\/realta.ca\/en\/wp-json\/wp\/v2\/posts\/32643\/revisions"}],"predecessor-version":[{"id":32649,"href":"https:\/\/realta.ca\/en\/wp-json\/wp\/v2\/posts\/32643\/revisions\/32649"}],"wp:featuredmedia":[{"embeddable":true,"href":"https:\/\/realta.ca\/en\/wp-json\/wp\/v2\/media\/32635"}],"wp:attachment":[{"href":"https:\/\/realta.ca\/en\/wp-json\/wp\/v2\/media?parent=32643"}],"wp:term":[{"taxonomy":"category","embeddable":true,"href":"https:\/\/realta.ca\/en\/wp-json\/wp\/v2\/categories?post=32643"},{"taxonomy":"post_tag","embeddable":true,"href":"https:\/\/realta.ca\/en\/wp-json\/wp\/v2\/tags?post=32643"}],"curies":[{"name":"wp","href":"https:\/\/api.w.org\/{rel}","templated":true}]}}