{"id":33047,"date":"2025-04-29T11:52:42","date_gmt":"2025-04-29T15:52:42","guid":{"rendered":"https:\/\/realta.ca\/?p=33047"},"modified":"2025-04-29T11:53:57","modified_gmt":"2025-04-29T15:53:57","slug":"in-light-of-first-quarter-results-and-economic-uncertainty-crea-revises-its-forecast-downward","status":"publish","type":"post","link":"https:\/\/realta.ca\/en\/in-light-of-first-quarter-results-and-economic-uncertainty-crea-revises-its-forecast-downward\/","title":{"rendered":"In light of first-quarter results and economic uncertainty, CREA revises its forecast downward"},"content":{"rendered":"\t\t<div data-elementor-type=\"wp-post\" data-elementor-id=\"33047\" class=\"elementor elementor-33047\" data-elementor-post-type=\"post\">\n\t\t\t\t\t\t<section class=\"elementor-section elementor-top-section elementor-element elementor-element-7d67536 elementor-section-boxed elementor-section-height-default elementor-section-height-default\" data-id=\"7d67536\" data-element_type=\"section\" data-e-type=\"section\">\n\t\t\t\t\t\t<div class=\"elementor-container elementor-column-gap-default\">\n\t\t\t\t\t<div class=\"elementor-column elementor-col-100 elementor-top-column elementor-element elementor-element-fadce50\" data-id=\"fadce50\" data-element_type=\"column\" data-e-type=\"column\">\n\t\t\t<div class=\"elementor-widget-wrap elementor-element-populated\">\n\t\t\t\t\t\t<div class=\"elementor-element elementor-element-278b690 elementor-widget elementor-widget-text-editor\" data-id=\"278b690\" data-element_type=\"widget\" data-e-type=\"widget\" data-widget_type=\"text-editor.default\">\n\t\t\t\t<div class=\"elementor-widget-container\">\n\t\t\t\t\t\t\t\t\t<p class=\"\" data-start=\"181\" data-end=\"380\">According to the latest resale market statistics published by the Canadian Real Estate Association (CREA), home sales in Canada dropped by 9% in March. This marks the second monthly decline in a row.<\/p><p class=\"\" data-start=\"382\" data-end=\"660\">Looking at the first quarter of the year, sales fell by 6% and average prices declined by 2% across the country. Ontario was the hardest hit, with a 21% drop in sales and a 3% decrease in prices. British Columbia also saw prices fall by 3%, even though sales only slipped by 5%.<\/p>\t\t\t\t\t\t\t\t<\/div>\n\t\t\t\t<\/div>\n\t\t\t\t<div class=\"elementor-element elementor-element-497aa70 elementor-widget elementor-widget-image\" data-id=\"497aa70\" data-element_type=\"widget\" data-e-type=\"widget\" data-widget_type=\"image.default\">\n\t\t\t\t<div class=\"elementor-widget-container\">\n\t\t\t\t\t\t\t\t\t\t\t\t\t\t\t<img fetchpriority=\"high\" decoding=\"async\" width=\"638\" height=\"428\" src=\"https:\/\/realta.ca\/wp-content\/uploads\/2025\/04\/Capture-decran-2025-04-23-131717.png\" class=\"attachment-medium_large size-medium_large wp-image-32988\" alt=\"\" srcset=\"https:\/\/realta.ca\/wp-content\/uploads\/2025\/04\/Capture-decran-2025-04-23-131717.png 638w, https:\/\/realta.ca\/wp-content\/uploads\/2025\/04\/Capture-decran-2025-04-23-131717-300x201.png 300w\" sizes=\"(max-width: 638px) 100vw, 638px\" \/>\t\t\t\t\t\t\t\t\t\t\t\t\t\t\t<\/div>\n\t\t\t\t<\/div>\n\t\t\t\t<div class=\"elementor-element elementor-element-c5d1a26 elementor-widget elementor-widget-text-editor\" data-id=\"c5d1a26\" data-element_type=\"widget\" data-e-type=\"widget\" data-widget_type=\"text-editor.default\">\n\t\t\t\t<div class=\"elementor-widget-container\">\n\t\t\t\t\t\t\t\t\t<h2>Quebec continues to stand out&#8230; for now<\/h2>\t\t\t\t\t\t\t\t<\/div>\n\t\t\t\t<\/div>\n\t\t\t\t<div class=\"elementor-element elementor-element-c71bd5e elementor-widget elementor-widget-text-editor\" data-id=\"c71bd5e\" data-element_type=\"widget\" data-e-type=\"widget\" data-widget_type=\"text-editor.default\">\n\t\t\t\t<div class=\"elementor-widget-container\">\n\t\t\t\t\t\t\t\t\t<div class=\"flex-shrink-0 flex flex-col relative items-end\"><div class=\"pt-0\"><div class=\"gizmo-bot-avatar flex h-8 w-8 items-center justify-center overflow-hidden rounded-full\"><div class=\"relative p-1 rounded-sm flex items-center justify-center bg-token-main-surface-primary text-token-text-primary h-8 w-8\"><p>Quebec is going against the trend. Thanks to another 9% increase in sales in March, total sales for the first three months of the year are up by 13%, and the average property price has risen by 9% compared to the same period last year. The metropolitan areas of Montreal and Gatineau led the way, both posting a 14% increase in sales.<\/p><\/div><\/div><\/div><\/div>\t\t\t\t\t\t\t\t<\/div>\n\t\t\t\t<\/div>\n\t\t\t\t<div class=\"elementor-element elementor-element-c4f6191 elementor-widget elementor-widget-text-editor\" data-id=\"c4f6191\" data-element_type=\"widget\" data-e-type=\"widget\" data-widget_type=\"text-editor.default\">\n\t\t\t\t<div class=\"elementor-widget-container\">\n\t\t\t\t\t\t\t\t\t<h2>Trade conflict changes the outlook<\/h2>\t\t\t\t\t\t\t\t<\/div>\n\t\t\t\t<\/div>\n\t\t\t\t<div class=\"elementor-element elementor-element-67fbef3 elementor-widget elementor-widget-text-editor\" data-id=\"67fbef3\" data-element_type=\"widget\" data-e-type=\"widget\" data-widget_type=\"text-editor.default\">\n\t\t\t\t<div class=\"elementor-widget-container\">\n\t\t\t\t\t\t\t\t\t<p class=\"\" data-start=\"1084\" data-end=\"1670\">In the meantime, CREA has revised its forecast for the rest of the year. The outlook has darkened because of the ongoing trade conflict with the United States. Beyond the industries directly affected by American tariffs (such as aluminum, steel, auto, and energy \u2014 and possibly lumber, dairy, and pharmaceuticals), the overall uncertainty about the duration, impact, and scale of a potential trade war is hurting confidence. Businesses are slowing down their investments. Consumers are worried about job security, planning to spend more carefully, and some are delaying major purchases.<\/p><p class=\"\" data-start=\"1672\" data-end=\"1936\">According to a Bank of Canada survey, the percentage of renters planning to buy a home within the next 12 months dropped from 19.9% in the last quarter of 2024 to 16.1% in the first quarter of 2025. In Quebec, it dropped from 14.4% to 10.5% during the same period.<\/p>\t\t\t\t\t\t\t\t<\/div>\n\t\t\t\t<\/div>\n\t\t\t\t<div class=\"elementor-element elementor-element-b196460 elementor-widget elementor-widget-text-editor\" data-id=\"b196460\" data-element_type=\"widget\" data-e-type=\"widget\" data-widget_type=\"text-editor.default\">\n\t\t\t\t<div class=\"elementor-widget-container\">\n\t\t\t\t\t\t\t\t\t<h2>Major downward revision<\/h2>\t\t\t\t\t\t\t\t<\/div>\n\t\t\t\t<\/div>\n\t\t\t\t<div class=\"elementor-element elementor-element-15b923a elementor-widget elementor-widget-text-editor\" data-id=\"15b923a\" data-element_type=\"widget\" data-e-type=\"widget\" data-widget_type=\"text-editor.default\">\n\t\t\t\t<div class=\"elementor-widget-container\">\n\t\t\t\t\t\t\t\t\t<p class=\"\" data-start=\"1967\" data-end=\"2294\">CREA had originally published a forecast on January 15 that didn\u2019t fully account for the risks of a trade war. It now states that \u201cbecause of ongoing unpredictability and uncertainty about where interest rates are headed, combined with the risk of stagflation, all forecasts are made in a context of unprecedented uncertainty.\u201d<\/p><p class=\"\" data-start=\"2296\" data-end=\"2687\">Originally, CREA was expecting national sales to grow by 9% in 2025, along with a 5% increase in average prices. In the updated forecast, both sales and prices are expected to stay flat compared to 2024. Ontario (-4%), British Columbia (-1%), and Alberta (-1%) are expected to see sales decline, but only Ontario and British Columbia are forecasted to experience a 1% drop in average prices.<\/p><p class=\"\" data-start=\"2689\" data-end=\"2998\">In Quebec, the revision is minor: sales growth is now expected to be 8% instead of 9%. However, CREA revised its forecast for average price growth from 8% down to 3%. This adjustment seems overly pessimistic to us. We will also be publishing an update to our own forecasts, originally released on December 16.<\/p>\t\t\t\t\t\t\t\t<\/div>\n\t\t\t\t<\/div>\n\t\t\t\t<div class=\"elementor-element elementor-element-c96ce4b elementor-widget elementor-widget-image\" data-id=\"c96ce4b\" data-element_type=\"widget\" data-e-type=\"widget\" data-widget_type=\"image.default\">\n\t\t\t\t<div class=\"elementor-widget-container\">\n\t\t\t\t\t\t\t\t\t\t\t\t\t\t\t<img decoding=\"async\" width=\"653\" height=\"385\" src=\"https:\/\/realta.ca\/wp-content\/uploads\/2025\/04\/Capture-decran-2025-04-24-090915.png\" class=\"attachment-medium_large size-medium_large wp-image-33003\" alt=\"\" srcset=\"https:\/\/realta.ca\/wp-content\/uploads\/2025\/04\/Capture-decran-2025-04-24-090915.png 653w, https:\/\/realta.ca\/wp-content\/uploads\/2025\/04\/Capture-decran-2025-04-24-090915-300x177.png 300w\" sizes=\"(max-width: 653px) 100vw, 653px\" \/>\t\t\t\t\t\t\t\t\t\t\t\t\t\t\t<\/div>\n\t\t\t\t<\/div>\n\t\t\t\t<div class=\"elementor-element elementor-element-107834b elementor-widget elementor-widget-image\" data-id=\"107834b\" data-element_type=\"widget\" data-e-type=\"widget\" data-widget_type=\"image.default\">\n\t\t\t\t<div class=\"elementor-widget-container\">\n\t\t\t\t\t\t\t\t\t\t\t\t\t\t\t<img decoding=\"async\" width=\"651\" height=\"475\" src=\"https:\/\/realta.ca\/wp-content\/uploads\/2025\/04\/Capture-decran-2025-04-24-090943.png\" class=\"attachment-large size-large wp-image-33005\" alt=\"\" srcset=\"https:\/\/realta.ca\/wp-content\/uploads\/2025\/04\/Capture-decran-2025-04-24-090943.png 651w, https:\/\/realta.ca\/wp-content\/uploads\/2025\/04\/Capture-decran-2025-04-24-090943-300x219.png 300w\" sizes=\"(max-width: 651px) 100vw, 651px\" \/>\t\t\t\t\t\t\t\t\t\t\t\t\t\t\t<\/div>\n\t\t\t\t<\/div>\n\t\t\t\t<div class=\"elementor-element elementor-element-e41a07e elementor-widget elementor-widget-text-editor\" data-id=\"e41a07e\" data-element_type=\"widget\" data-e-type=\"widget\" data-widget_type=\"text-editor.default\">\n\t\t\t\t<div class=\"elementor-widget-container\">\n\t\t\t\t\t\t\t\t\t<p data-start=\"1967\" data-end=\"2294\">Source: Canadian Real Estate Association (CREA), as of April 15, 2025.<\/p>\t\t\t\t\t\t\t\t<\/div>\n\t\t\t\t<\/div>\n\t\t\t\t\t<\/div>\n\t\t<\/div>\n\t\t\t\t\t<\/div>\n\t\t<\/section>\n\t\t\t\t<\/div>\n\t\t","protected":false},"excerpt":{"rendered":"<p>According to the latest resale market statistics published by the Canadian Real Estate Association (CREA), home sales in Canada dropped by 9% in March. This marks the second monthly decline in a row. Looking at the first quarter of the year, sales fell by 6% and average prices declined by 2% across the country. Ontario [&hellip;]<\/p>\n","protected":false},"author":10,"featured_media":33052,"comment_status":"open","ping_status":"open","sticky":false,"template":"","format":"standard","meta":{"_acf_changed":false,"footnotes":""},"categories":[1],"tags":[],"class_list":["post-33047","post","type-post","status-publish","format-standard","has-post-thumbnail","hentry","category-autre"],"acf":[],"yoast_head":"<!-- This site is optimized with the Yoast SEO plugin v27.1.1 - https:\/\/yoast.com\/product\/yoast-seo-wordpress\/ -->\n<title>In light of first-quarter results and economic uncertainty, CREA revises its forecast downward | Realta<\/title>\n<meta name=\"description\" content=\"According to the latest resale market statistics published by the Canadian Real Estate Association (CREA), home sales in Canada dropped by 9% in March. This marks the second monthly decline in a row.Looking at the first quarter of the year, sales fell by 6% and average prices declined by 2% across the country. Ontario was the hardest hit, with a 21% drop in sales and a 3% decrease in prices. British Columbia also saw prices fall by 3%, even though sales only slipped by 5%.\" \/>\n<meta name=\"robots\" content=\"index, follow, max-snippet:-1, max-image-preview:large, max-video-preview:-1\" \/>\n<link rel=\"canonical\" href=\"https:\/\/realta.ca\/en\/in-light-of-first-quarter-results-and-economic-uncertainty-crea-revises-its-forecast-downward\/\" \/>\n<meta property=\"og:locale\" content=\"en_US\" \/>\n<meta property=\"og:type\" content=\"article\" \/>\n<meta property=\"og:title\" content=\"In light of first-quarter results and economic uncertainty, CREA revises its forecast downward | Realta\" \/>\n<meta property=\"og:description\" content=\"According to the latest resale market statistics published by the Canadian Real Estate Association (CREA), home sales in Canada dropped by 9% in March. This marks the second monthly decline in a row.Looking at the first quarter of the year, sales fell by 6% and average prices declined by 2% across the country. Ontario was the hardest hit, with a 21% drop in sales and a 3% decrease in prices. British Columbia also saw prices fall by 3%, even though sales only slipped by 5%.\" \/>\n<meta property=\"og:url\" content=\"https:\/\/realta.ca\/en\/in-light-of-first-quarter-results-and-economic-uncertainty-crea-revises-its-forecast-downward\/\" \/>\n<meta property=\"og:site_name\" content=\"Realta\" \/>\n<meta property=\"article:publisher\" content=\"https:\/\/www.facebook.com\/REALTA.agenceimmobiliere\/\" \/>\n<meta property=\"article:published_time\" content=\"2025-04-29T15:52:42+00:00\" \/>\n<meta property=\"article:modified_time\" content=\"2025-04-29T15:53:57+00:00\" \/>\n<meta property=\"og:image\" content=\"https:\/\/realta.ca\/wp-content\/uploads\/2025\/04\/5962_4192_gorini-1-scaled.jpg\" \/>\n\t<meta property=\"og:image:width\" content=\"2560\" \/>\n\t<meta property=\"og:image:height\" content=\"1707\" \/>\n\t<meta property=\"og:image:type\" content=\"image\/jpeg\" \/>\n<meta name=\"author\" content=\"Aylin C\u00e9line Keyik\" \/>\n<meta name=\"twitter:card\" content=\"summary_large_image\" \/>\n<meta name=\"twitter:label1\" content=\"Written by\" \/>\n\t<meta name=\"twitter:data1\" content=\"Aylin C\u00e9line Keyik\" \/>\n\t<meta name=\"twitter:label2\" content=\"Est. reading time\" \/>\n\t<meta name=\"twitter:data2\" content=\"4 minutes\" \/>\n<!-- \/ Yoast SEO plugin. -->","yoast_head_json":{"title":"In light of first-quarter results and economic uncertainty, CREA revises its forecast downward | Realta","description":"According to the latest resale market statistics published by the Canadian Real Estate Association (CREA), home sales in Canada dropped by 9% in March. This marks the second monthly decline in a row.Looking at the first quarter of the year, sales fell by 6% and average prices declined by 2% across the country. Ontario was the hardest hit, with a 21% drop in sales and a 3% decrease in prices. British Columbia also saw prices fall by 3%, even though sales only slipped by 5%.","robots":{"index":"index","follow":"follow","max-snippet":"max-snippet:-1","max-image-preview":"max-image-preview:large","max-video-preview":"max-video-preview:-1"},"canonical":"https:\/\/realta.ca\/en\/in-light-of-first-quarter-results-and-economic-uncertainty-crea-revises-its-forecast-downward\/","og_locale":"en_US","og_type":"article","og_title":"In light of first-quarter results and economic uncertainty, CREA revises its forecast downward | Realta","og_description":"According to the latest resale market statistics published by the Canadian Real Estate Association (CREA), home sales in Canada dropped by 9% in March. This marks the second monthly decline in a row.Looking at the first quarter of the year, sales fell by 6% and average prices declined by 2% across the country. Ontario was the hardest hit, with a 21% drop in sales and a 3% decrease in prices. British Columbia also saw prices fall by 3%, even though sales only slipped by 5%.","og_url":"https:\/\/realta.ca\/en\/in-light-of-first-quarter-results-and-economic-uncertainty-crea-revises-its-forecast-downward\/","og_site_name":"Realta","article_publisher":"https:\/\/www.facebook.com\/REALTA.agenceimmobiliere\/","article_published_time":"2025-04-29T15:52:42+00:00","article_modified_time":"2025-04-29T15:53:57+00:00","og_image":[{"width":2560,"height":1707,"url":"https:\/\/realta.ca\/wp-content\/uploads\/2025\/04\/5962_4192_gorini-1-scaled.jpg","type":"image\/jpeg"}],"author":"Aylin C\u00e9line Keyik","twitter_card":"summary_large_image","twitter_misc":{"Written by":"Aylin C\u00e9line Keyik","Est. reading time":"4 minutes"},"schema":{"@context":"https:\/\/schema.org","@graph":[{"@type":"Article","@id":"https:\/\/realta.ca\/en\/in-light-of-first-quarter-results-and-economic-uncertainty-crea-revises-its-forecast-downward\/#article","isPartOf":{"@id":"https:\/\/realta.ca\/en\/in-light-of-first-quarter-results-and-economic-uncertainty-crea-revises-its-forecast-downward\/"},"author":{"name":"Aylin C\u00e9line Keyik","@id":"https:\/\/realta.ca\/en\/#\/schema\/person\/b63124efd211f30cf5471ac7ae1ce9ba"},"headline":"In light of first-quarter results and economic uncertainty, CREA revises its forecast downward","datePublished":"2025-04-29T15:52:42+00:00","dateModified":"2025-04-29T15:53:57+00:00","mainEntityOfPage":{"@id":"https:\/\/realta.ca\/en\/in-light-of-first-quarter-results-and-economic-uncertainty-crea-revises-its-forecast-downward\/"},"wordCount":468,"commentCount":0,"publisher":{"@id":"https:\/\/realta.ca\/en\/#organization"},"image":{"@id":"https:\/\/realta.ca\/en\/in-light-of-first-quarter-results-and-economic-uncertainty-crea-revises-its-forecast-downward\/#primaryimage"},"thumbnailUrl":"https:\/\/realta.ca\/wp-content\/uploads\/2025\/04\/5962_4192_gorini-1-scaled.jpg","articleSection":["Autre"],"inLanguage":"en-US","potentialAction":[{"@type":"CommentAction","name":"Comment","target":["https:\/\/realta.ca\/en\/in-light-of-first-quarter-results-and-economic-uncertainty-crea-revises-its-forecast-downward\/#respond"]}]},{"@type":"WebPage","@id":"https:\/\/realta.ca\/en\/in-light-of-first-quarter-results-and-economic-uncertainty-crea-revises-its-forecast-downward\/","url":"https:\/\/realta.ca\/en\/in-light-of-first-quarter-results-and-economic-uncertainty-crea-revises-its-forecast-downward\/","name":"In light of first-quarter results and economic uncertainty, CREA revises its forecast downward | Realta","isPartOf":{"@id":"https:\/\/realta.ca\/en\/#website"},"primaryImageOfPage":{"@id":"https:\/\/realta.ca\/en\/in-light-of-first-quarter-results-and-economic-uncertainty-crea-revises-its-forecast-downward\/#primaryimage"},"image":{"@id":"https:\/\/realta.ca\/en\/in-light-of-first-quarter-results-and-economic-uncertainty-crea-revises-its-forecast-downward\/#primaryimage"},"thumbnailUrl":"https:\/\/realta.ca\/wp-content\/uploads\/2025\/04\/5962_4192_gorini-1-scaled.jpg","datePublished":"2025-04-29T15:52:42+00:00","dateModified":"2025-04-29T15:53:57+00:00","description":"According to the latest resale market statistics published by the Canadian Real Estate Association (CREA), home sales in Canada dropped by 9% in March. This marks the second monthly decline in a row.Looking at the first quarter of the year, sales fell by 6% and average prices declined by 2% across the country. Ontario was the hardest hit, with a 21% drop in sales and a 3% decrease in prices. British Columbia also saw prices fall by 3%, even though sales only slipped by 5%.","breadcrumb":{"@id":"https:\/\/realta.ca\/en\/in-light-of-first-quarter-results-and-economic-uncertainty-crea-revises-its-forecast-downward\/#breadcrumb"},"inLanguage":"en-US","potentialAction":[{"@type":"ReadAction","target":["https:\/\/realta.ca\/en\/in-light-of-first-quarter-results-and-economic-uncertainty-crea-revises-its-forecast-downward\/"]}]},{"@type":"ImageObject","inLanguage":"en-US","@id":"https:\/\/realta.ca\/en\/in-light-of-first-quarter-results-and-economic-uncertainty-crea-revises-its-forecast-downward\/#primaryimage","url":"https:\/\/realta.ca\/wp-content\/uploads\/2025\/04\/5962_4192_gorini-1-scaled.jpg","contentUrl":"https:\/\/realta.ca\/wp-content\/uploads\/2025\/04\/5962_4192_gorini-1-scaled.jpg","width":2560,"height":1707},{"@type":"BreadcrumbList","@id":"https:\/\/realta.ca\/en\/in-light-of-first-quarter-results-and-economic-uncertainty-crea-revises-its-forecast-downward\/#breadcrumb","itemListElement":[{"@type":"ListItem","position":1,"name":"Accueil","item":"https:\/\/realta.ca\/en\/"},{"@type":"ListItem","position":2,"name":"In light of first-quarter results and economic uncertainty, CREA revises its forecast downward"}]},{"@type":"WebSite","@id":"https:\/\/realta.ca\/en\/#website","url":"https:\/\/realta.ca\/en\/","name":"REALTA, Agence immobili\u00e8re","description":"Real Estate Agency","publisher":{"@id":"https:\/\/realta.ca\/en\/#organization"},"alternateName":"REALTA, Agence immobili\u00e8re Montr\u00e9al - Qu\u00e9bec","potentialAction":[{"@type":"SearchAction","target":{"@type":"EntryPoint","urlTemplate":"https:\/\/realta.ca\/en\/?s={search_term_string}"},"query-input":{"@type":"PropertyValueSpecification","valueRequired":true,"valueName":"search_term_string"}}],"inLanguage":"en-US"},{"@type":"Organization","@id":"https:\/\/realta.ca\/en\/#organization","name":"REALTA, Agence immobili\u00e8re","alternateName":"REALTA, Agence immobili\u00e8re Montr\u00e9al - Qu\u00e9bec","url":"https:\/\/realta.ca\/en\/","logo":{"@type":"ImageObject","inLanguage":"en-US","@id":"https:\/\/realta.ca\/en\/#\/schema\/logo\/image\/","url":"https:\/\/realta.ca\/wp-content\/uploads\/2021\/12\/realta_favicon.svg","contentUrl":"https:\/\/realta.ca\/wp-content\/uploads\/2021\/12\/realta_favicon.svg","width":250,"height":250,"caption":"REALTA, Agence immobili\u00e8re"},"image":{"@id":"https:\/\/realta.ca\/en\/#\/schema\/logo\/image\/"},"sameAs":["https:\/\/www.facebook.com\/REALTA.agenceimmobiliere\/","https:\/\/www.instagram.com\/realta.agenceimmobiliere\/","https:\/\/www.linkedin.com\/company\/realta_2\/?originalSubdomain=fr","https:\/\/www.youtube.com\/channel\/UCtiSRpwmotgzT18eVPOgYBg\/about"]},{"@type":"Person","@id":"https:\/\/realta.ca\/en\/#\/schema\/person\/b63124efd211f30cf5471ac7ae1ce9ba","name":"Aylin C\u00e9line Keyik","image":{"@type":"ImageObject","inLanguage":"en-US","@id":"https:\/\/realta.ca\/en\/#\/schema\/person\/image\/","url":"https:\/\/secure.gravatar.com\/avatar\/7e3e9c231069cef29e3e634fccd7919de86f354465d496c89a1c4342864a1ae8?s=96&d=mm&r=g","contentUrl":"https:\/\/secure.gravatar.com\/avatar\/7e3e9c231069cef29e3e634fccd7919de86f354465d496c89a1c4342864a1ae8?s=96&d=mm&r=g","caption":"Aylin C\u00e9line Keyik"},"url":"https:\/\/realta.ca\/en\/author\/ackeyik\/"}]}},"_links":{"self":[{"href":"https:\/\/realta.ca\/en\/wp-json\/wp\/v2\/posts\/33047","targetHints":{"allow":["GET"]}}],"collection":[{"href":"https:\/\/realta.ca\/en\/wp-json\/wp\/v2\/posts"}],"about":[{"href":"https:\/\/realta.ca\/en\/wp-json\/wp\/v2\/types\/post"}],"author":[{"embeddable":true,"href":"https:\/\/realta.ca\/en\/wp-json\/wp\/v2\/users\/10"}],"replies":[{"embeddable":true,"href":"https:\/\/realta.ca\/en\/wp-json\/wp\/v2\/comments?post=33047"}],"version-history":[{"count":4,"href":"https:\/\/realta.ca\/en\/wp-json\/wp\/v2\/posts\/33047\/revisions"}],"predecessor-version":[{"id":33051,"href":"https:\/\/realta.ca\/en\/wp-json\/wp\/v2\/posts\/33047\/revisions\/33051"}],"wp:featuredmedia":[{"embeddable":true,"href":"https:\/\/realta.ca\/en\/wp-json\/wp\/v2\/media\/33052"}],"wp:attachment":[{"href":"https:\/\/realta.ca\/en\/wp-json\/wp\/v2\/media?parent=33047"}],"wp:term":[{"taxonomy":"category","embeddable":true,"href":"https:\/\/realta.ca\/en\/wp-json\/wp\/v2\/categories?post=33047"},{"taxonomy":"post_tag","embeddable":true,"href":"https:\/\/realta.ca\/en\/wp-json\/wp\/v2\/tags?post=33047"}],"curies":[{"name":"wp","href":"https:\/\/api.w.org\/{rel}","templated":true}]}}