{"id":33214,"date":"2025-05-27T11:08:46","date_gmt":"2025-05-27T15:08:46","guid":{"rendered":"https:\/\/realta.ca\/?p=33214"},"modified":"2025-05-27T11:08:49","modified_gmt":"2025-05-27T15:08:49","slug":"sales-up-prices-strong-quebecs-real-estate-market-defies-economic-turbulence","status":"publish","type":"post","link":"https:\/\/realta.ca\/en\/sales-up-prices-strong-quebecs-real-estate-market-defies-economic-turbulence\/","title":{"rendered":"Sales up, prices strong: Quebec\u2019s real estate market defies economic turbulence"},"content":{"rendered":"\t\t<div data-elementor-type=\"wp-post\" data-elementor-id=\"33214\" class=\"elementor elementor-33214\" data-elementor-post-type=\"post\">\n\t\t\t\t\t\t<section class=\"elementor-section elementor-top-section elementor-element elementor-element-7d67536 elementor-section-boxed elementor-section-height-default elementor-section-height-default\" data-id=\"7d67536\" data-element_type=\"section\" data-e-type=\"section\">\n\t\t\t\t\t\t<div class=\"elementor-container elementor-column-gap-default\">\n\t\t\t\t\t<div class=\"elementor-column elementor-col-100 elementor-top-column elementor-element elementor-element-fadce50\" data-id=\"fadce50\" data-element_type=\"column\" data-e-type=\"column\">\n\t\t\t<div class=\"elementor-widget-wrap elementor-element-populated\">\n\t\t\t\t\t\t<div class=\"elementor-element elementor-element-278b690 elementor-widget elementor-widget-text-editor\" data-id=\"278b690\" data-element_type=\"widget\" data-e-type=\"widget\" data-widget_type=\"text-editor.default\">\n\t\t\t\t<div class=\"elementor-widget-container\">\n\t\t\t\t\t\t\t\t\t<p>Last December, we shared an optimistic forecast for the year ahead, but we also pointed out one risk: the possibility of a trade war triggered by the Trump administration. Now that this risk has become reality, we\u2019re revising our forecast downward. That said, our outlook remains positive overall, both for sales and prices in 2025.<\/p>\t\t\t\t\t\t\t\t<\/div>\n\t\t\t\t<\/div>\n\t\t\t\t<div class=\"elementor-element elementor-element-6bd2ca2 elementor-widget elementor-widget-text-editor\" data-id=\"6bd2ca2\" data-element_type=\"widget\" data-e-type=\"widget\" data-widget_type=\"text-editor.default\">\n\t\t\t\t<div class=\"elementor-widget-container\">\n\t\t\t\t\t\t\t\t\t<h2>The trade war could make some buyers more hesitant<\/h2>\t\t\t\t\t\t\t\t<\/div>\n\t\t\t\t<\/div>\n\t\t\t\t<div class=\"elementor-element elementor-element-c5d1a26 elementor-widget elementor-widget-text-editor\" data-id=\"c5d1a26\" data-element_type=\"widget\" data-e-type=\"widget\" data-widget_type=\"text-editor.default\">\n\t\t\t\t<div class=\"elementor-widget-container\">\n\t\t\t\t\t\t\t\t\t<p data-start=\"0\" data-end=\"329\">The trade conflict with our southern neighbors is clearly raising concerns about a potential economic slowdown. So far, there\u2019s little solid economic data to confirm a slowdown since the first tariffs came into effect in March, except maybe for labour market data, which showed Canada\u2019s unemployment rate rising to 6.9% in April.<\/p><p data-start=\"331\" data-end=\"811\">The main impact so far seems to be on business and consumer confidence. Businesses are showing less intention to invest, and consumers are more worried about job security, more pessimistic about their financial future, and planning to spend more cautiously, or even delay major purchases. For example, the Conference Board\u2019s Confidence Index shows that the percentage of Canadians who felt it was a good time to make a major purchase dropped from 14.3% in January to 10% in April.<\/p><p data-start=\"813\" data-end=\"887\" data-is-last-node=\"\" data-is-only-node=\"\">In short, the economic outlook has clearly darkened. But that\u2019s not all&#8230;<\/p>\t\t\t\t\t\t\t\t<\/div>\n\t\t\t\t<\/div>\n\t\t\t\t<div class=\"elementor-element elementor-element-c71bd5e elementor-widget elementor-widget-text-editor\" data-id=\"c71bd5e\" data-element_type=\"widget\" data-e-type=\"widget\" data-widget_type=\"text-editor.default\">\n\t\t\t\t<div class=\"elementor-widget-container\">\n\t\t\t\t\t\t\t\t\t<div class=\"flex-shrink-0 flex flex-col relative items-end\"><div class=\"pt-0\"><div class=\"gizmo-bot-avatar flex h-8 w-8 items-center justify-center overflow-hidden rounded-full\"><div class=\"relative p-1 rounded-sm flex items-center justify-center bg-token-main-surface-primary text-token-text-primary h-8 w-8\"><h2 data-start=\"0\" data-end=\"412\">Interest rates are refusing to come down.<\/h2><\/div><\/div><\/div><\/div>\t\t\t\t\t\t\t\t<\/div>\n\t\t\t\t<\/div>\n\t\t\t\t<div class=\"elementor-element elementor-element-c4f6191 elementor-widget elementor-widget-text-editor\" data-id=\"c4f6191\" data-element_type=\"widget\" data-e-type=\"widget\" data-widget_type=\"text-editor.default\">\n\t\t\t\t<div class=\"elementor-widget-container\">\n\t\t\t\t\t\t\t\t\t<p data-start=\"0\" data-end=\"412\">At the start of the year, most experts were expecting interest rates to drop, especially in the spring. And with the economic outlook worsening since then, it would have been reasonable to expect even lower rates. That has indeed been the case for variable mortgage rates, since the Bank of Canada has cut its key rate twice since the beginning of the year. However, fixed rates have not followed the same trend.<\/p><p data-start=\"414\" data-end=\"1066\">Fixed mortgage rates are tied to bond yields, and those have been quite volatile in recent months. The trade conflict is once again a key factor less the one involving Canada and more the broad tariff war the U.S. is waging against some 180 countries, a move President Trump dubbed &#8220;liberation day.&#8221; On one hand, inflation expectations have jumped due to retaliatory measures from other countries, especially the escalating tariff dispute with China. On the other hand, global investors have shown less interest in U.S. Treasury bonds. Both of these factors have pushed up U.S. bond yields. And as is often the case, Canadian bond yields have followed.<\/p><p data-start=\"1068\" data-end=\"1391\" data-is-last-node=\"\" data-is-only-node=\"\">Higher bond yields mean higher borrowing costs for financial institutions, which in turn impacts the mortgage rates they offer. Also, given the growing risk of a potential recession, lenders seem to be applying wider spreads (the difference between bond yields and mortgage rates) in recent weeks to reflect the added risk.<\/p>\t\t\t\t\t\t\t\t<\/div>\n\t\t\t\t<\/div>\n\t\t\t\t<div class=\"elementor-element elementor-element-67fbef3 elementor-widget elementor-widget-text-editor\" data-id=\"67fbef3\" data-element_type=\"widget\" data-e-type=\"widget\" data-widget_type=\"text-editor.default\">\n\t\t\t\t<div class=\"elementor-widget-container\">\n\t\t\t\t\t\t\t\t\t<h2>Still, a very strong start to the year<\/h2>\t\t\t\t\t\t\t\t<\/div>\n\t\t\t\t<\/div>\n\t\t\t\t<div class=\"elementor-element elementor-element-b196460 elementor-widget elementor-widget-text-editor\" data-id=\"b196460\" data-element_type=\"widget\" data-e-type=\"widget\" data-widget_type=\"text-editor.default\">\n\t\t\t\t<div class=\"elementor-widget-container\">\n\t\t\t\t\t\t\t\t\t<p>Let\u2019s not forget that the Quebec real estate market is still off to an excellent start this year. In the first four months of 2025, the number of sales grew by 12.2% compared to the same period last year, while the average property price (all categories combined) rose by 8.5%. At the same time, active listings have slightly declined by 4%, tightening market conditions that were already favoring sellers. It\u2019s no surprise, then, that we\u2019re also seeing a rise in bidding wars.<\/p>\t\t\t\t\t\t\t\t<\/div>\n\t\t\t\t<\/div>\n\t\t\t\t<div class=\"elementor-element elementor-element-15b923a elementor-widget elementor-widget-text-editor\" data-id=\"15b923a\" data-element_type=\"widget\" data-e-type=\"widget\" data-widget_type=\"text-editor.default\">\n\t\t\t\t<div class=\"elementor-widget-container\">\n\t\t\t\t\t\t\t\t\t<h2>Rising sales and strong price growth<\/h2>\t\t\t\t\t\t\t\t<\/div>\n\t\t\t\t<\/div>\n\t\t\t\t<div class=\"elementor-element elementor-element-3a1849f elementor-widget elementor-widget-text-editor\" data-id=\"3a1849f\" data-element_type=\"widget\" data-e-type=\"widget\" data-widget_type=\"text-editor.default\">\n\t\t\t\t<div class=\"elementor-widget-container\">\n\t\t\t\t\t\t\t\t\t<p data-start=\"0\" data-end=\"376\">Given the new context we outlined earlier, it will likely be difficult to maintain the same pace of activity for the rest of the year, at least in terms of sales. That said, borrowing costs are still lower than they were at the same time last year, and the new mortgage rules (allowing up to 30-year amortization for all first-time buyers) could give the market an extra push.<\/p><p data-start=\"378\" data-end=\"673\">All things considered, we expect that real estate brokers across the province will complete around 97,000 sales in 2025, a 7% increase compared to 2024. As for price growth, it\u2019s unlikely to slow down, since sellers will likely keep the upper hand in negotiations\u2014even if listings start to rise.<\/p><p data-start=\"675\" data-end=\"1017\" data-is-last-node=\"\" data-is-only-node=\"\">Some job losses are expected in sectors hit harder by tariffs (such as steel, aluminum, automotive, and energy products), which could force certain homeowners to sell. However, we believe these cases won\u2019t be numerous enough to shift the market into balanced or buyer\u2019s territory\u2014except perhaps in areas where the economy is less diversified.<\/p>\t\t\t\t\t\t\t\t<\/div>\n\t\t\t\t<\/div>\n\t\t\t\t<div class=\"elementor-element elementor-element-107834b elementor-widget elementor-widget-image\" data-id=\"107834b\" data-element_type=\"widget\" data-e-type=\"widget\" data-widget_type=\"image.default\">\n\t\t\t\t<div class=\"elementor-widget-container\">\n\t\t\t\t\t\t\t\t\t\t\t\t\t\t\t<img fetchpriority=\"high\" decoding=\"async\" width=\"520\" height=\"394\" src=\"https:\/\/realta.ca\/wp-content\/uploads\/2025\/05\/Image1-1.png\" class=\"attachment-medium_large size-medium_large wp-image-33215\" alt=\"\" srcset=\"https:\/\/realta.ca\/wp-content\/uploads\/2025\/05\/Image1-1.png 520w, https:\/\/realta.ca\/wp-content\/uploads\/2025\/05\/Image1-1-300x227.png 300w\" sizes=\"(max-width: 520px) 100vw, 520px\" \/>\t\t\t\t\t\t\t\t\t\t\t\t\t\t\t<\/div>\n\t\t\t\t<\/div>\n\t\t\t\t<div class=\"elementor-element elementor-element-a6968b1 elementor-widget elementor-widget-text-editor\" data-id=\"a6968b1\" data-element_type=\"widget\" data-e-type=\"widget\" data-widget_type=\"text-editor.default\">\n\t\t\t\t<div class=\"elementor-widget-container\">\n\t\t\t\t\t\t\t\t\t<article class=\"text-token-text-primary w-full\" dir=\"auto\" data-testid=\"conversation-turn-22\" data-scroll-anchor=\"true\"><div class=\"text-base my-auto mx-auto py-5 [--thread-content-margin:--spacing(4)] @[37rem]:[--thread-content-margin:--spacing(6)] @[72rem]:[--thread-content-margin:--spacing(16)] px-(--thread-content-margin)\"><div class=\"[--thread-content-max-width:32rem] @[34rem]:[--thread-content-max-width:40rem] @[64rem]:[--thread-content-max-width:48rem] mx-auto flex max-w-(--thread-content-max-width) flex-1 text-base gap-4 md:gap-5 lg:gap-6 group\/turn-messages focus-visible:outline-hidden\" tabindex=\"-1\"><div class=\"group\/conversation-turn relative flex w-full min-w-0 flex-col agent-turn\"><div class=\"relative flex-col gap-1 md:gap-3\"><div class=\"flex max-w-full flex-col grow\"><div class=\"min-h-8 text-message relative flex w-full flex-col items-end gap-2 text-start break-words whitespace-normal [.text-message+&amp;]:mt-5\" dir=\"auto\" data-message-author-role=\"assistant\" data-message-id=\"9882e934-3f0e-401f-8955-feb9aff06f84\" data-message-model-slug=\"gpt-4o\"><div class=\"flex w-full flex-col gap-1 empty:hidden first:pt-[3px]\"><div class=\"markdown prose dark:prose-invert w-full break-words light\"><p data-start=\"70\" data-end=\"186\">[1] At the time of writing, the latest data on GDP, retail sales, and investments was only available up to February.<\/p><p data-start=\"188\" data-end=\"252\">[2] Source: Business Outlook Survey, Bank of Canada, April 2025.<\/p><p data-start=\"254\" data-end=\"335\">[3] Source: Canadian Survey of Consumer Expectations, Bank of Canada, April 2025.<\/p><p data-start=\"337\" data-end=\"388\">[4] Source: CREA (Canadian Real Estate Association)<\/p><p data-start=\"390\" data-end=\"562\" data-is-last-node=\"\" data-is-only-node=\"\">[5] Apart from a few changes to the Employment Insurance program, it is still unclear what support measures governments might introduce for workers affected by the tariffs.<\/p><\/div><\/div><\/div><\/div><\/div><\/div><\/div><\/div><\/article>\t\t\t\t\t\t\t\t<\/div>\n\t\t\t\t<\/div>\n\t\t\t\t\t<\/div>\n\t\t<\/div>\n\t\t\t\t\t<\/div>\n\t\t<\/section>\n\t\t\t\t<\/div>\n\t\t","protected":false},"excerpt":{"rendered":"<p>Last December, we shared an optimistic forecast for the year ahead, but we also pointed out one risk: the possibility of a trade war triggered by the Trump administration. Now that this risk has become reality, we\u2019re revising our forecast downward. That said, our outlook remains positive overall, both for sales and prices in 2025. [&hellip;]<\/p>\n","protected":false},"author":10,"featured_media":33220,"comment_status":"open","ping_status":"open","sticky":false,"template":"","format":"standard","meta":{"_acf_changed":false,"footnotes":""},"categories":[2],"tags":[],"class_list":["post-33214","post","type-post","status-publish","format-standard","has-post-thumbnail","hentry","category-other"],"acf":[],"yoast_head":"<!-- This site is optimized with the Yoast SEO plugin v27.1.1 - https:\/\/yoast.com\/product\/yoast-seo-wordpress\/ -->\n<title>Sales up, prices strong: Quebec\u2019s real estate market defies economic turbulence | Realta<\/title>\n<meta name=\"description\" content=\"Last December, we shared an optimistic forecast for the year ahead, but we also pointed out one risk: the possibility of a trade war triggered by the Trump administration. Now that this risk has become reality, we\u2019re revising our forecast downward. That said, our outlook remains positive overall, both for sales and prices in 2025.\" \/>\n<meta name=\"robots\" content=\"index, follow, max-snippet:-1, max-image-preview:large, max-video-preview:-1\" \/>\n<link rel=\"canonical\" href=\"https:\/\/realta.ca\/en\/sales-up-prices-strong-quebecs-real-estate-market-defies-economic-turbulence\/\" \/>\n<meta property=\"og:locale\" content=\"en_US\" \/>\n<meta property=\"og:type\" content=\"article\" \/>\n<meta property=\"og:title\" content=\"Sales up, prices strong: Quebec\u2019s real estate market defies economic turbulence | Realta\" \/>\n<meta property=\"og:description\" content=\"Last December, we shared an optimistic forecast for the year ahead, but we also pointed out one risk: the possibility of a trade war triggered by the Trump administration. Now that this risk has become reality, we\u2019re revising our forecast downward. That said, our outlook remains positive overall, both for sales and prices in 2025.\" \/>\n<meta property=\"og:url\" content=\"https:\/\/realta.ca\/en\/sales-up-prices-strong-quebecs-real-estate-market-defies-economic-turbulence\/\" \/>\n<meta property=\"og:site_name\" content=\"Realta\" \/>\n<meta property=\"article:publisher\" content=\"https:\/\/www.facebook.com\/REALTA.agenceimmobiliere\/\" \/>\n<meta property=\"article:published_time\" content=\"2025-05-27T15:08:46+00:00\" \/>\n<meta property=\"article:modified_time\" content=\"2025-05-27T15:08:49+00:00\" \/>\n<meta property=\"og:image\" content=\"https:\/\/realta.ca\/wp-content\/uploads\/2025\/05\/7037_Gorini-copie-1-1024x683.jpg\" \/>\n\t<meta property=\"og:image:width\" content=\"1024\" \/>\n\t<meta property=\"og:image:height\" content=\"683\" \/>\n\t<meta property=\"og:image:type\" content=\"image\/jpeg\" \/>\n<meta name=\"author\" content=\"Aylin C\u00e9line Keyik\" \/>\n<meta name=\"twitter:card\" content=\"summary_large_image\" \/>\n<meta name=\"twitter:label1\" content=\"Written by\" \/>\n\t<meta name=\"twitter:data1\" content=\"Aylin C\u00e9line Keyik\" \/>\n\t<meta name=\"twitter:label2\" content=\"Est. reading time\" \/>\n\t<meta name=\"twitter:data2\" content=\"5 minutes\" \/>\n<!-- \/ Yoast SEO plugin. -->","yoast_head_json":{"title":"Sales up, prices strong: Quebec\u2019s real estate market defies economic turbulence | Realta","description":"Last December, we shared an optimistic forecast for the year ahead, but we also pointed out one risk: the possibility of a trade war triggered by the Trump administration. Now that this risk has become reality, we\u2019re revising our forecast downward. That said, our outlook remains positive overall, both for sales and prices in 2025.","robots":{"index":"index","follow":"follow","max-snippet":"max-snippet:-1","max-image-preview":"max-image-preview:large","max-video-preview":"max-video-preview:-1"},"canonical":"https:\/\/realta.ca\/en\/sales-up-prices-strong-quebecs-real-estate-market-defies-economic-turbulence\/","og_locale":"en_US","og_type":"article","og_title":"Sales up, prices strong: Quebec\u2019s real estate market defies economic turbulence | Realta","og_description":"Last December, we shared an optimistic forecast for the year ahead, but we also pointed out one risk: the possibility of a trade war triggered by the Trump administration. Now that this risk has become reality, we\u2019re revising our forecast downward. That said, our outlook remains positive overall, both for sales and prices in 2025.","og_url":"https:\/\/realta.ca\/en\/sales-up-prices-strong-quebecs-real-estate-market-defies-economic-turbulence\/","og_site_name":"Realta","article_publisher":"https:\/\/www.facebook.com\/REALTA.agenceimmobiliere\/","article_published_time":"2025-05-27T15:08:46+00:00","article_modified_time":"2025-05-27T15:08:49+00:00","og_image":[{"width":1024,"height":683,"url":"https:\/\/realta.ca\/wp-content\/uploads\/2025\/05\/7037_Gorini-copie-1-1024x683.jpg","type":"image\/jpeg"}],"author":"Aylin C\u00e9line Keyik","twitter_card":"summary_large_image","twitter_misc":{"Written by":"Aylin C\u00e9line Keyik","Est. reading time":"5 minutes"},"schema":{"@context":"https:\/\/schema.org","@graph":[{"@type":"Article","@id":"https:\/\/realta.ca\/en\/sales-up-prices-strong-quebecs-real-estate-market-defies-economic-turbulence\/#article","isPartOf":{"@id":"https:\/\/realta.ca\/en\/sales-up-prices-strong-quebecs-real-estate-market-defies-economic-turbulence\/"},"author":{"name":"Aylin C\u00e9line Keyik","@id":"https:\/\/realta.ca\/en\/#\/schema\/person\/b63124efd211f30cf5471ac7ae1ce9ba"},"headline":"Sales up, prices strong: Quebec\u2019s real estate market defies economic turbulence","datePublished":"2025-05-27T15:08:46+00:00","dateModified":"2025-05-27T15:08:49+00:00","mainEntityOfPage":{"@id":"https:\/\/realta.ca\/en\/sales-up-prices-strong-quebecs-real-estate-market-defies-economic-turbulence\/"},"wordCount":796,"commentCount":0,"publisher":{"@id":"https:\/\/realta.ca\/en\/#organization"},"image":{"@id":"https:\/\/realta.ca\/en\/sales-up-prices-strong-quebecs-real-estate-market-defies-economic-turbulence\/#primaryimage"},"thumbnailUrl":"https:\/\/realta.ca\/wp-content\/uploads\/2025\/05\/7037_Gorini-copie-1.jpg","articleSection":["Other"],"inLanguage":"en-US","potentialAction":[{"@type":"CommentAction","name":"Comment","target":["https:\/\/realta.ca\/en\/sales-up-prices-strong-quebecs-real-estate-market-defies-economic-turbulence\/#respond"]}]},{"@type":"WebPage","@id":"https:\/\/realta.ca\/en\/sales-up-prices-strong-quebecs-real-estate-market-defies-economic-turbulence\/","url":"https:\/\/realta.ca\/en\/sales-up-prices-strong-quebecs-real-estate-market-defies-economic-turbulence\/","name":"Sales up, prices strong: Quebec\u2019s real estate market defies economic turbulence | Realta","isPartOf":{"@id":"https:\/\/realta.ca\/en\/#website"},"primaryImageOfPage":{"@id":"https:\/\/realta.ca\/en\/sales-up-prices-strong-quebecs-real-estate-market-defies-economic-turbulence\/#primaryimage"},"image":{"@id":"https:\/\/realta.ca\/en\/sales-up-prices-strong-quebecs-real-estate-market-defies-economic-turbulence\/#primaryimage"},"thumbnailUrl":"https:\/\/realta.ca\/wp-content\/uploads\/2025\/05\/7037_Gorini-copie-1.jpg","datePublished":"2025-05-27T15:08:46+00:00","dateModified":"2025-05-27T15:08:49+00:00","description":"Last December, we shared an optimistic forecast for the year ahead, but we also pointed out one risk: the possibility of a trade war triggered by the Trump administration. Now that this risk has become reality, we\u2019re revising our forecast downward. That said, our outlook remains positive overall, both for sales and prices in 2025.","breadcrumb":{"@id":"https:\/\/realta.ca\/en\/sales-up-prices-strong-quebecs-real-estate-market-defies-economic-turbulence\/#breadcrumb"},"inLanguage":"en-US","potentialAction":[{"@type":"ReadAction","target":["https:\/\/realta.ca\/en\/sales-up-prices-strong-quebecs-real-estate-market-defies-economic-turbulence\/"]}]},{"@type":"ImageObject","inLanguage":"en-US","@id":"https:\/\/realta.ca\/en\/sales-up-prices-strong-quebecs-real-estate-market-defies-economic-turbulence\/#primaryimage","url":"https:\/\/realta.ca\/wp-content\/uploads\/2025\/05\/7037_Gorini-copie-1.jpg","contentUrl":"https:\/\/realta.ca\/wp-content\/uploads\/2025\/05\/7037_Gorini-copie-1.jpg","width":1857,"height":1238,"caption":"default"},{"@type":"BreadcrumbList","@id":"https:\/\/realta.ca\/en\/sales-up-prices-strong-quebecs-real-estate-market-defies-economic-turbulence\/#breadcrumb","itemListElement":[{"@type":"ListItem","position":1,"name":"Accueil","item":"https:\/\/realta.ca\/en\/"},{"@type":"ListItem","position":2,"name":"Sales up, prices strong: Quebec\u2019s real estate market defies economic turbulence"}]},{"@type":"WebSite","@id":"https:\/\/realta.ca\/en\/#website","url":"https:\/\/realta.ca\/en\/","name":"REALTA, Agence immobili\u00e8re","description":"Real Estate Agency","publisher":{"@id":"https:\/\/realta.ca\/en\/#organization"},"alternateName":"REALTA, Agence immobili\u00e8re Montr\u00e9al - Qu\u00e9bec","potentialAction":[{"@type":"SearchAction","target":{"@type":"EntryPoint","urlTemplate":"https:\/\/realta.ca\/en\/?s={search_term_string}"},"query-input":{"@type":"PropertyValueSpecification","valueRequired":true,"valueName":"search_term_string"}}],"inLanguage":"en-US"},{"@type":"Organization","@id":"https:\/\/realta.ca\/en\/#organization","name":"REALTA, Agence immobili\u00e8re","alternateName":"REALTA, Agence immobili\u00e8re Montr\u00e9al - Qu\u00e9bec","url":"https:\/\/realta.ca\/en\/","logo":{"@type":"ImageObject","inLanguage":"en-US","@id":"https:\/\/realta.ca\/en\/#\/schema\/logo\/image\/","url":"https:\/\/realta.ca\/wp-content\/uploads\/2021\/12\/realta_favicon.svg","contentUrl":"https:\/\/realta.ca\/wp-content\/uploads\/2021\/12\/realta_favicon.svg","width":250,"height":250,"caption":"REALTA, Agence immobili\u00e8re"},"image":{"@id":"https:\/\/realta.ca\/en\/#\/schema\/logo\/image\/"},"sameAs":["https:\/\/www.facebook.com\/REALTA.agenceimmobiliere\/","https:\/\/www.instagram.com\/realta.agenceimmobiliere\/","https:\/\/www.linkedin.com\/company\/realta_2\/?originalSubdomain=fr","https:\/\/www.youtube.com\/channel\/UCtiSRpwmotgzT18eVPOgYBg\/about"]},{"@type":"Person","@id":"https:\/\/realta.ca\/en\/#\/schema\/person\/b63124efd211f30cf5471ac7ae1ce9ba","name":"Aylin C\u00e9line Keyik","image":{"@type":"ImageObject","inLanguage":"en-US","@id":"https:\/\/realta.ca\/en\/#\/schema\/person\/image\/","url":"https:\/\/secure.gravatar.com\/avatar\/7e3e9c231069cef29e3e634fccd7919de86f354465d496c89a1c4342864a1ae8?s=96&d=mm&r=g","contentUrl":"https:\/\/secure.gravatar.com\/avatar\/7e3e9c231069cef29e3e634fccd7919de86f354465d496c89a1c4342864a1ae8?s=96&d=mm&r=g","caption":"Aylin C\u00e9line Keyik"},"url":"https:\/\/realta.ca\/en\/author\/ackeyik\/"}]}},"_links":{"self":[{"href":"https:\/\/realta.ca\/en\/wp-json\/wp\/v2\/posts\/33214","targetHints":{"allow":["GET"]}}],"collection":[{"href":"https:\/\/realta.ca\/en\/wp-json\/wp\/v2\/posts"}],"about":[{"href":"https:\/\/realta.ca\/en\/wp-json\/wp\/v2\/types\/post"}],"author":[{"embeddable":true,"href":"https:\/\/realta.ca\/en\/wp-json\/wp\/v2\/users\/10"}],"replies":[{"embeddable":true,"href":"https:\/\/realta.ca\/en\/wp-json\/wp\/v2\/comments?post=33214"}],"version-history":[{"count":4,"href":"https:\/\/realta.ca\/en\/wp-json\/wp\/v2\/posts\/33214\/revisions"}],"predecessor-version":[{"id":33222,"href":"https:\/\/realta.ca\/en\/wp-json\/wp\/v2\/posts\/33214\/revisions\/33222"}],"wp:featuredmedia":[{"embeddable":true,"href":"https:\/\/realta.ca\/en\/wp-json\/wp\/v2\/media\/33220"}],"wp:attachment":[{"href":"https:\/\/realta.ca\/en\/wp-json\/wp\/v2\/media?parent=33214"}],"wp:term":[{"taxonomy":"category","embeddable":true,"href":"https:\/\/realta.ca\/en\/wp-json\/wp\/v2\/categories?post=33214"},{"taxonomy":"post_tag","embeddable":true,"href":"https:\/\/realta.ca\/en\/wp-json\/wp\/v2\/tags?post=33214"}],"curies":[{"name":"wp","href":"https:\/\/api.w.org\/{rel}","templated":true}]}}