{"id":6,"name":"Communications Realta","url":"","description":"","link":"https:\/\/realta.ca\/en\/author\/communicationsrealta-ca\/","slug":"communicationsrealta-ca","avatar_urls":{"24":"https:\/\/secure.gravatar.com\/avatar\/8bb00ab34a9a1fc74bd38cad3541fdb1eccab19b71b1ca552e1cea505d985fdb?s=24&d=mm&r=g","48":"https:\/\/secure.gravatar.com\/avatar\/8bb00ab34a9a1fc74bd38cad3541fdb1eccab19b71b1ca552e1cea505d985fdb?s=48&d=mm&r=g","96":"https:\/\/secure.gravatar.com\/avatar\/8bb00ab34a9a1fc74bd38cad3541fdb1eccab19b71b1ca552e1cea505d985fdb?s=96&d=mm&r=g"},"meta":[],"acf":[],"yoast_head":"<!-- This site is optimized with the Yoast SEO plugin v27.1.1 - https:\/\/yoast.com\/product\/yoast-seo-wordpress\/ -->\n<title>Communications Realta, auteur\/autrice sur Realta<\/title>\n<meta name=\"robots\" content=\"index, follow, max-snippet:-1, max-image-preview:large, max-video-preview:-1\" \/>\n<link rel=\"canonical\" href=\"https:\/\/realta.ca\/en\/author\/communicationsrealta-ca\/\" \/>\n<meta property=\"og:locale\" content=\"en_US\" \/>\n<meta property=\"og:type\" content=\"profile\" \/>\n<meta property=\"og:title\" content=\"Communications Realta, auteur\/autrice sur Realta\" \/>\n<meta property=\"og:url\" content=\"https:\/\/realta.ca\/author\/communicationsrealta-ca\/\" \/>\n<meta property=\"og:site_name\" content=\"Realta\" \/>\n<meta property=\"og:image\" content=\"https:\/\/secure.gravatar.com\/avatar\/cf03055f66be9e85775db20bd3246e25?s=500&d=mm&r=g\" \/>\n<meta name=\"twitter:card\" content=\"summary_large_image\" \/>\n<!-- \/ Yoast SEO plugin. -->","yoast_head_json":{"title":"Communications Realta, auteur\/autrice sur Realta","robots":{"index":"index","follow":"follow","max-snippet":"max-snippet:-1","max-image-preview":"max-image-preview:large","max-video-preview":"max-video-preview:-1"},"canonical":"https:\/\/realta.ca\/en\/author\/communicationsrealta-ca\/","og_locale":"en_US","og_type":"profile","og_title":"Communications Realta, auteur\/autrice sur Realta","og_url":"https:\/\/realta.ca\/author\/communicationsrealta-ca\/","og_site_name":"Realta","og_image":[{"url":"https:\/\/secure.gravatar.com\/avatar\/cf03055f66be9e85775db20bd3246e25?s=500&d=mm&r=g","type":"","width":"","height":""}],"twitter_card":"summary_large_image","schema":{"@context":"https:\/\/schema.org","@graph":[{"@type":"ProfilePage","@id":"https:\/\/realta.ca\/author\/communicationsrealta-ca\/","url":"https:\/\/realta.ca\/author\/communicationsrealta-ca\/","name":"Communications Realta, auteur\/autrice sur Realta","isPartOf":{"@id":"https:\/\/realta.ca\/en\/#website"},"breadcrumb":{"@id":"https:\/\/realta.ca\/author\/communicationsrealta-ca\/#breadcrumb"},"inLanguage":"en-US","potentialAction":[{"@type":"ReadAction","target":["https:\/\/realta.ca\/author\/communicationsrealta-ca\/"]}]},{"@type":"BreadcrumbList","@id":"https:\/\/realta.ca\/author\/communicationsrealta-ca\/#breadcrumb","itemListElement":[{"@type":"ListItem","position":1,"name":"Accueil","item":"https:\/\/realta.ca\/en\/"},{"@type":"ListItem","position":2,"name":"Archives pour Communications Realta"}]},{"@type":"WebSite","@id":"https:\/\/realta.ca\/en\/#website","url":"https:\/\/realta.ca\/en\/","name":"REALTA, Agence immobili\u00e8re","description":"Real Estate Agency","publisher":{"@id":"https:\/\/realta.ca\/en\/#organization"},"alternateName":"REALTA, Agence immobili\u00e8re Montr\u00e9al - Qu\u00e9bec","potentialAction":[{"@type":"SearchAction","target":{"@type":"EntryPoint","urlTemplate":"https:\/\/realta.ca\/en\/?s={search_term_string}"},"query-input":{"@type":"PropertyValueSpecification","valueRequired":true,"valueName":"search_term_string"}}],"inLanguage":"en-US"},{"@type":"Organization","@id":"https:\/\/realta.ca\/en\/#organization","name":"REALTA, Agence immobili\u00e8re","alternateName":"REALTA, Agence immobili\u00e8re Montr\u00e9al - Qu\u00e9bec","url":"https:\/\/realta.ca\/en\/","logo":{"@type":"ImageObject","inLanguage":"en-US","@id":"https:\/\/realta.ca\/en\/#\/schema\/logo\/image\/","url":"https:\/\/realta.ca\/wp-content\/uploads\/2021\/12\/realta_favicon.svg","contentUrl":"https:\/\/realta.ca\/wp-content\/uploads\/2021\/12\/realta_favicon.svg","width":250,"height":250,"caption":"REALTA, Agence immobili\u00e8re"},"image":{"@id":"https:\/\/realta.ca\/en\/#\/schema\/logo\/image\/"},"sameAs":["https:\/\/www.facebook.com\/REALTA.agenceimmobiliere\/","https:\/\/www.instagram.com\/realta.agenceimmobiliere\/","https:\/\/www.linkedin.com\/company\/realta_2\/?originalSubdomain=fr","https:\/\/www.youtube.com\/channel\/UCtiSRpwmotgzT18eVPOgYBg\/about"]},{"@type":"Person","@id":"https:\/\/realta.ca\/en\/#\/schema\/person\/6eb1e48b044375b3a6999bbb53faabf5","name":"Communications Realta","image":{"@type":"ImageObject","inLanguage":"en-US","@id":"https:\/\/realta.ca\/en\/#\/schema\/person\/image\/","url":"https:\/\/secure.gravatar.com\/avatar\/8bb00ab34a9a1fc74bd38cad3541fdb1eccab19b71b1ca552e1cea505d985fdb?s=96&d=mm&r=g","contentUrl":"https:\/\/secure.gravatar.com\/avatar\/8bb00ab34a9a1fc74bd38cad3541fdb1eccab19b71b1ca552e1cea505d985fdb?s=96&d=mm&r=g","caption":"Communications Realta"},"mainEntityOfPage":{"@id":"https:\/\/realta.ca\/author\/communicationsrealta-ca\/"}}]}},"elementor_introduction":{"yoast-introduction":true,"ai-get-started-announcement":true,"globals_introduction":true,"e-apps":true,"exit_to":true},"_links":{"self":[{"href":"https:\/\/realta.ca\/en\/wp-json\/wp\/v2\/users\/6","targetHints":{"allow":["GET"]}}],"collection":[{"href":"https:\/\/realta.ca\/en\/wp-json\/wp\/v2\/users"}]}}